{"id":32758,"date":"2023-10-18T13:19:05","date_gmt":"2023-10-18T11:19:05","guid":{"rendered":"https:\/\/blogs.elcomercio.es\/reflexiones-de-belarmino\/?p=32758"},"modified":"2023-10-18T13:19:05","modified_gmt":"2023-10-18T11:19:05","slug":"el-congreso-mexicano-acaba-con-los-privilegios-del-poder-judicial","status":"publish","type":"post","link":"https:\/\/blogs.elcomercio.es\/reflexiones-de-belarmino\/2023\/10\/18\/el-congreso-mexicano-acaba-con-los-privilegios-del-poder-judicial\/","title":{"rendered":"\u00a1\u00a1\u00a1\u00a1EL CONGRESO MEXICANO ACABA CON LOS PRIVILEGIOS DEL PODER JUDICIAL !!"},"content":{"rendered":"<p><b>5 a\u00f1os, siendo los \u00fanicos que no se incorporaron al proceso de cambio nacional,\u00e9lite\u00a0&#8220;podrida&#8221; como la llam\u00f3 L\u00f3pez Obrador, era el \u00faltimo reducto del viejo r\u00e9gimen. Ganando 5 veces m\u00e1s que\u00a0el propio presidente con unas compensaciones que les dieron los gobiernos neo liberales para tenerlos a su favor que se sent\u00edan intocables; opositores a los cambios, protectores, en barata\u00a0para amparar a narcos, criminales\u00a0de cuello blanco, retaron al presidente y al pa\u00eds, al grado de que la principal llamada de Claudia Scheinbaum candidata\u00a0de la Cuarta Transformaci\u00f3n en 2024, era tener los\u00a0 2\/3 del Congreso para modificar la Constituci\u00f3n y Democratizar de abajo hacia arriba al Poder Judicial.<\/b><\/p>\n<p><b>Intocables parec\u00edan y retaron, pero ayer el Congreso\u00a0con 160 a 110, aprob\u00f3 una ley donde se acaban con 15 de los 16 fideicomisos, para su &#8220;cochinito&#8221; de lujo al retirarse.<\/b><\/p>\n<p><strong>Cuando hay lider y un pueblo tras de \u00e9l, minor\u00edas como esas, no saben que hacer. Ayer lo sup\u00eceron. Todo dentro de la ley.<\/strong><\/p>\n<p><b>El pais ha pasado &#8221; de un Estado casi fallido, a un cambio de ra\u00edz, sin violencia, constitucionalmente\u00a0y con plena libertad de prensa&#8221; en tan s\u00f3lo 5 a\u00f1os, que, en nuestras pupilas recordamos como las Muertes de Juarez, los ajusticiados en cal viva,la violencia por doquier, pero dado que Espa\u00f1a no ha informado nada de los cambios, muchos se sorprender\u00e1n y entender\u00e1n las palabras de Ana Patricia\u00a0 Bot\u00edn , de la OCDE, de que M\u00e9xico es uno de los 3\u00a0 paises m\u00e1s atractivos del mundo, con finanzas\u00a0 sanas, paz social y posibilidades de inversi\u00f3n que est\u00e1n llegando capitales\u00a0de todo el mundo, para el Tren Maya, el Corredor Transismico y el Plan Sonora y adem\u00e1s con 3,250 kms de frontera con el gran mercado los EE:UU y miembro del mayor tratado comercial del mundo el TMEC (M\u00e9xico, Estados Unidos y Canad\u00e1)<\/b><\/p>\n<!-- AddThis Advanced Settings generic via filter on the_content --><!-- AddThis Share Buttons generic via filter on the_content -->","protected":false},"excerpt":{"rendered":"<p>5 a\u00f1os, siendo los \u00fanicos que no se incorporaron al proceso de cambio nacional,\u00e9lite\u00a0&#8220;podrida&#8221; como la llam\u00f3 L\u00f3pez Obrador, era el \u00faltimo reducto del viejo r\u00e9gimen. Ganando 5 veces m\u00e1s que\u00a0el propio presidente con unas compensaciones que les dieron los gobiernos neo liberales para tenerlos a su favor que se sent\u00edan intocables; opositores a los [&hellip;]<!-- AddThis Advanced Settings generic via filter on get_the_excerpt --><!-- AddThis Share Buttons generic via filter on get_the_excerpt --><\/p>\n","protected":false},"author":16,"featured_media":0,"comment_status":"open","ping_status":"closed","sticky":false,"template":"","format":"standard","meta":[],"categories":[1],"tags":[],"_links":{"self":[{"href":"https:\/\/blogs.elcomercio.es\/reflexiones-de-belarmino\/wp-json\/wp\/v2\/posts\/32758"}],"collection":[{"href":"https:\/\/blogs.elcomercio.es\/reflexiones-de-belarmino\/wp-json\/wp\/v2\/posts"}],"about":[{"href":"https:\/\/blogs.elcomercio.es\/reflexiones-de-belarmino\/wp-json\/wp\/v2\/types\/post"}],"author":[{"embeddable":true,"href":"https:\/\/blogs.elcomercio.es\/reflexiones-de-belarmino\/wp-json\/wp\/v2\/users\/16"}],"replies":[{"embeddable":true,"href":"https:\/\/blogs.elcomercio.es\/reflexiones-de-belarmino\/wp-json\/wp\/v2\/comments?post=32758"}],"version-history":[{"count":1,"href":"https:\/\/blogs.elcomercio.es\/reflexiones-de-belarmino\/wp-json\/wp\/v2\/posts\/32758\/revisions"}],"predecessor-version":[{"id":32759,"href":"https:\/\/blogs.elcomercio.es\/reflexiones-de-belarmino\/wp-json\/wp\/v2\/posts\/32758\/revisions\/32759"}],"wp:attachment":[{"href":"https:\/\/blogs.elcomercio.es\/reflexiones-de-belarmino\/wp-json\/wp\/v2\/media?parent=32758"}],"wp:term":[{"taxonomy":"category","embeddable":true,"href":"https:\/\/blogs.elcomercio.es\/reflexiones-de-belarmino\/wp-json\/wp\/v2\/categories?post=32758"},{"taxonomy":"post_tag","embeddable":true,"href":"https:\/\/blogs.elcomercio.es\/reflexiones-de-belarmino\/wp-json\/wp\/v2\/tags?post=32758"}],"curies":[{"name":"wp","href":"https:\/\/api.w.org\/{rel}","templated":true}]}}