{"id":32831,"date":"2023-10-24T18:45:20","date_gmt":"2023-10-24T16:45:20","guid":{"rendered":"https:\/\/blogs.elcomercio.es\/reflexiones-de-belarmino\/?p=32831"},"modified":"2023-10-24T18:45:20","modified_gmt":"2023-10-24T16:45:20","slug":"la-monarquia-factor-de-estabilidad-e-nueva-espana-que-vendra-leonor-sanchez-diaz-y-jose-cobo","status":"publish","type":"post","link":"https:\/\/blogs.elcomercio.es\/reflexiones-de-belarmino\/2023\/10\/24\/la-monarquia-factor-de-estabilidad-e-nueva-espana-que-vendra-leonor-sanchez-diaz-y-jose-cobo\/","title":{"rendered":"\u00a1\u00a1\u00a1\u00a1LA MONARQU\u00cdA FACTOR DE ESTABILIDAD E NUEVA ESPA\u00d1A QUE VENDR\u00c1 : LEONOR,  SANCHEZ, DIAZ Y JOSE COBO !!!"},"content":{"rendered":"<p><b>Estaba perfectamente calculado, por ello la rabia de los que se oponen. Primero, hacer heredera a la Princesa Leonor que da continuidad de esta nueva etapa, en caso de que el padre faltara. Atr\u00e1s\u00a0qued\u00f3 la monarqu\u00eda que juro fidelidad a Franco y al Movimiento y atr\u00e1s quedaron los actores de aquella Transici\u00f3n que jug\u00f3 en su momento su papel. .<\/b><\/p>\n<p><b>Los \u00faltimos cinco a\u00f1os nos mostraron a los espa\u00f1oles la profundidad de nuestras diferencias hist\u00f3ricas, por, ello, en este momento no est\u00e1 debate que tipo de Jefatura del Estado se requiere. \u00bf Si imaginan la lucha cainita\u00a0por un presidente\u00a0de le\u00a0Republica\u00a0en estos momentos?.<\/b><\/p>\n<p><b>No, mientras consolidamos la real transici\u00f3n, no la gatopardista, la Monarqu\u00eda\u00a0Espa\u00f1ola, juega un papel de estabilidad\u00a0que nuestro pa\u00eds necesita, no s\u00f3lo cara al interior, sino como un ejemplo cara al exterior, cara a la debilitada y desdibujada Uni\u00f3n Europea, que el s\u00e1bado 800 funcionarios publicaron un documento, criticando como la Uni\u00f3n Europea, se desdibuja de su origen.<\/b><\/p>\n<p><strong>Felipe VI y la reina Leticia, han consolidado una familia que es ejemplo, y digna acompa\u00f1ante a la Espa\u00f1a que surgir\u00e1 en la segunda semana de noviembre.<\/strong><\/p>\n<p><strong>El programa presentado hoy por Pedro S\u00e1nchez y Yolanda D\u00edaz, es de un gran avance social, uno de los mejores de Europa. Tendr\u00e1 dificultades, pero tambi\u00e9n cuatro a\u00f1os de oportunidad para modernizar a Espa\u00f1a.<\/strong><\/p>\n<p><strong>Francisco I, lo entendi\u00f3 y colabor\u00f3 en modernizar una de lass instituciones m\u00e1s conservadoras de Espa\u00f1a, que nos recuerda siglos y decenios atr\u00e1s. Permitanme agregar un nombre al de Leonor, Pedro Sanchez y Yolanda D\u00edaz ; el de Jos\u00e9 Cobo, el Tarancon de este proceso<\/strong><\/p>\n<p>&nbsp;<\/p>\n<!-- AddThis Advanced Settings generic via filter on the_content --><!-- AddThis Share Buttons generic via filter on the_content -->","protected":false},"excerpt":{"rendered":"<p>Estaba perfectamente calculado, por ello la rabia de los que se oponen. Primero, hacer heredera a la Princesa Leonor que da continuidad de esta nueva etapa, en caso de que el padre faltara. Atr\u00e1s\u00a0qued\u00f3 la monarqu\u00eda que juro fidelidad a Franco y al Movimiento y atr\u00e1s quedaron los actores de aquella Transici\u00f3n que jug\u00f3 en [&hellip;]<!-- AddThis Advanced Settings generic via filter on get_the_excerpt --><!-- AddThis Share Buttons generic via filter on get_the_excerpt --><\/p>\n","protected":false},"author":16,"featured_media":0,"comment_status":"open","ping_status":"closed","sticky":false,"template":"","format":"standard","meta":[],"categories":[1],"tags":[],"_links":{"self":[{"href":"https:\/\/blogs.elcomercio.es\/reflexiones-de-belarmino\/wp-json\/wp\/v2\/posts\/32831"}],"collection":[{"href":"https:\/\/blogs.elcomercio.es\/reflexiones-de-belarmino\/wp-json\/wp\/v2\/posts"}],"about":[{"href":"https:\/\/blogs.elcomercio.es\/reflexiones-de-belarmino\/wp-json\/wp\/v2\/types\/post"}],"author":[{"embeddable":true,"href":"https:\/\/blogs.elcomercio.es\/reflexiones-de-belarmino\/wp-json\/wp\/v2\/users\/16"}],"replies":[{"embeddable":true,"href":"https:\/\/blogs.elcomercio.es\/reflexiones-de-belarmino\/wp-json\/wp\/v2\/comments?post=32831"}],"version-history":[{"count":4,"href":"https:\/\/blogs.elcomercio.es\/reflexiones-de-belarmino\/wp-json\/wp\/v2\/posts\/32831\/revisions"}],"predecessor-version":[{"id":32835,"href":"https:\/\/blogs.elcomercio.es\/reflexiones-de-belarmino\/wp-json\/wp\/v2\/posts\/32831\/revisions\/32835"}],"wp:attachment":[{"href":"https:\/\/blogs.elcomercio.es\/reflexiones-de-belarmino\/wp-json\/wp\/v2\/media?parent=32831"}],"wp:term":[{"taxonomy":"category","embeddable":true,"href":"https:\/\/blogs.elcomercio.es\/reflexiones-de-belarmino\/wp-json\/wp\/v2\/categories?post=32831"},{"taxonomy":"post_tag","embeddable":true,"href":"https:\/\/blogs.elcomercio.es\/reflexiones-de-belarmino\/wp-json\/wp\/v2\/tags?post=32831"}],"curies":[{"name":"wp","href":"https:\/\/api.w.org\/{rel}","templated":true}]}}