{"id":32866,"date":"2023-10-27T12:11:03","date_gmt":"2023-10-27T10:11:03","guid":{"rendered":"https:\/\/blogs.elcomercio.es\/reflexiones-de-belarmino\/?p=32866"},"modified":"2023-10-27T12:11:03","modified_gmt":"2023-10-27T10:11:03","slug":"el-estado-neoliberal-nuestro-gran-problema-repsol-amenaza-con-irse-de-espana-si-le-cobran-mas-impuestos","status":"publish","type":"post","link":"https:\/\/blogs.elcomercio.es\/reflexiones-de-belarmino\/2023\/10\/27\/el-estado-neoliberal-nuestro-gran-problema-repsol-amenaza-con-irse-de-espana-si-le-cobran-mas-impuestos\/","title":{"rendered":"\u00a1\u00a1\u00a1\u00a1EL ESTADO NEOLIBERAL NUESTRO GRAN PROBLEMA .REPSOL AMENAZA CON IRSE DE ESPA\u00d1A  SI LE COBRAN M\u00c1S IMPUESTOS !!!"},"content":{"rendered":"<p><b>En Espa\u00f1a, el modelo Neoliberal\u00a0 implantado\u00a0en 1979 por Margaretch Teacher y Ronald Reagan, dejando casi sin Estado al pa\u00eds y todo en manos privadas, es uno de los grandes problemas no s\u00f3lo nuestro sino de toda Europa<\/b><\/p>\n<p><strong>Un ejemplo m\u00e1s. Ayer REPSOL inform\u00f3 que si se les cobra m\u00e1s impuestos, se van de Espa\u00f1a. 3,879 millones las ganancias, y pagan 20 puntos menos que usted amable lectora o lector.<\/strong><\/p>\n<p><strong>\u00bfEspa\u00f1oles?.<\/strong><\/p>\n<p>&nbsp;<\/p>\n<!-- AddThis Advanced Settings generic via filter on the_content --><!-- AddThis Share Buttons generic via filter on the_content -->","protected":false},"excerpt":{"rendered":"<p>En Espa\u00f1a, el modelo Neoliberal\u00a0 implantado\u00a0en 1979 por Margaretch Teacher y Ronald Reagan, dejando casi sin Estado al pa\u00eds y todo en manos privadas, es uno de los grandes problemas no s\u00f3lo nuestro sino de toda Europa Un ejemplo m\u00e1s. Ayer REPSOL inform\u00f3 que si se les cobra m\u00e1s impuestos, se van de Espa\u00f1a. 3,879 [&hellip;]<!-- AddThis Advanced Settings generic via filter on get_the_excerpt --><!-- AddThis Share Buttons generic via filter on get_the_excerpt --><\/p>\n","protected":false},"author":16,"featured_media":0,"comment_status":"open","ping_status":"closed","sticky":false,"template":"","format":"standard","meta":[],"categories":[1],"tags":[],"_links":{"self":[{"href":"https:\/\/blogs.elcomercio.es\/reflexiones-de-belarmino\/wp-json\/wp\/v2\/posts\/32866"}],"collection":[{"href":"https:\/\/blogs.elcomercio.es\/reflexiones-de-belarmino\/wp-json\/wp\/v2\/posts"}],"about":[{"href":"https:\/\/blogs.elcomercio.es\/reflexiones-de-belarmino\/wp-json\/wp\/v2\/types\/post"}],"author":[{"embeddable":true,"href":"https:\/\/blogs.elcomercio.es\/reflexiones-de-belarmino\/wp-json\/wp\/v2\/users\/16"}],"replies":[{"embeddable":true,"href":"https:\/\/blogs.elcomercio.es\/reflexiones-de-belarmino\/wp-json\/wp\/v2\/comments?post=32866"}],"version-history":[{"count":3,"href":"https:\/\/blogs.elcomercio.es\/reflexiones-de-belarmino\/wp-json\/wp\/v2\/posts\/32866\/revisions"}],"predecessor-version":[{"id":32869,"href":"https:\/\/blogs.elcomercio.es\/reflexiones-de-belarmino\/wp-json\/wp\/v2\/posts\/32866\/revisions\/32869"}],"wp:attachment":[{"href":"https:\/\/blogs.elcomercio.es\/reflexiones-de-belarmino\/wp-json\/wp\/v2\/media?parent=32866"}],"wp:term":[{"taxonomy":"category","embeddable":true,"href":"https:\/\/blogs.elcomercio.es\/reflexiones-de-belarmino\/wp-json\/wp\/v2\/categories?post=32866"},{"taxonomy":"post_tag","embeddable":true,"href":"https:\/\/blogs.elcomercio.es\/reflexiones-de-belarmino\/wp-json\/wp\/v2\/tags?post=32866"}],"curies":[{"name":"wp","href":"https:\/\/api.w.org\/{rel}","templated":true}]}}