{"id":32870,"date":"2023-10-27T15:27:40","date_gmt":"2023-10-27T13:27:40","guid":{"rendered":"https:\/\/blogs.elcomercio.es\/reflexiones-de-belarmino\/?p=32870"},"modified":"2023-10-27T15:27:40","modified_gmt":"2023-10-27T13:27:40","slug":"pederastia-450000-en-el-seno-de-la-iglesia-catolica-250000-en-manos-de-sacerdotes-el-defensor-del-pueblo-la-iglesia-debe-indemnizar","status":"publish","type":"post","link":"https:\/\/blogs.elcomercio.es\/reflexiones-de-belarmino\/2023\/10\/27\/pederastia-450000-en-el-seno-de-la-iglesia-catolica-250000-en-manos-de-sacerdotes-el-defensor-del-pueblo-la-iglesia-debe-indemnizar\/","title":{"rendered":"\u00a1\u00a1\u00a1\u00a1PEDERASTIA: &#8220;450,000 EN EL SENO DE LA IGLESIA CAT\u00d3LICA, 250,000 EN  MANOS DE SACERDOTES&#8221; EL DEFENSOR DEL PUEBLO.- LA IGLESIA DEBE INDEMNIZAR !!!"},"content":{"rendered":"<p><b>&#8220;Hoy Espa\u00f1a es un pa\u00eds m\u00e1s\u00a0 libre&#8221;, declar\u00f3\u00a0en Bruselas Pedro Sanchez. Acababa de presentar el Defensor del Pueblo Angel\u00a0 Gabilondo, su informe sobre la &#8220;Pederastia en el seno de la Iglesia Cat\u00f3lica Espa\u00f1ola&#8221;.-Sus resultados\u00a0son demoledores e incompletos: m\u00e1s de 450,000 espa\u00f1oles han sido victimas de la pederastia\u00a0en el seno\u00a0de la Iglesia y de ellos 250,000 de manos de los sacerdotes.<\/b><\/p>\n<p><strong>Por fin, gracias a los impulsos de Francisco I, ha salido a la luz en forma oficial lo que ha significado la Iglesia encima de la Pederastia y sus consecuencia.<\/strong><\/p>\n<p><b>Gabilondo ha dicho que muchos obispos\u00a0se negaron a dar informaci\u00f3n y que, incluso &#8220;alguno lo rega\u00f1aron por meterse en estos asuntos&#8221;.<\/b><\/p>\n<p><strong>Planteas que sea el Estado el que pague las indemnizaciones, aunque la mayor\u00eda de los consultados, consideran que debe de ser la Iglesia Cat\u00f3lica Espa\u00f1ola de su patrimonio los que deben de hacerlo.<\/strong><\/p>\n<p><b>\u00bf Entendemos por que el coraje y el ruido del PP y de Vox,\u00a0 y de los medios\u00a0 conservadores\u00a0 y los due\u00f1os de ellos ante el nuevo gobierno\u00a0que viene?.<\/b><\/p>\n<p><strong>Empieza a aparecer la realidad del franquismo y de la transici\u00f3n que ocultaron todos los gobiernos, desde Felipe Gonzalez, Jos\u00e9 Maria Aznar, Rodriguez Zapatero y Mariano Rajoy..<\/strong><\/p>\n<p>&nbsp;<\/p>\n<!-- AddThis Advanced Settings generic via filter on the_content --><!-- AddThis Share Buttons generic via filter on the_content -->","protected":false},"excerpt":{"rendered":"<p>&#8220;Hoy Espa\u00f1a es un pa\u00eds m\u00e1s\u00a0 libre&#8221;, declar\u00f3\u00a0en Bruselas Pedro Sanchez. Acababa de presentar el Defensor del Pueblo Angel\u00a0 Gabilondo, su informe sobre la &#8220;Pederastia en el seno de la Iglesia Cat\u00f3lica Espa\u00f1ola&#8221;.-Sus resultados\u00a0son demoledores e incompletos: m\u00e1s de 450,000 espa\u00f1oles han sido victimas de la pederastia\u00a0en el seno\u00a0de la Iglesia y de ellos 250,000 [&hellip;]<!-- AddThis Advanced Settings generic via filter on get_the_excerpt --><!-- AddThis Share Buttons generic via filter on get_the_excerpt --><\/p>\n","protected":false},"author":16,"featured_media":0,"comment_status":"open","ping_status":"closed","sticky":false,"template":"","format":"standard","meta":[],"categories":[1],"tags":[],"_links":{"self":[{"href":"https:\/\/blogs.elcomercio.es\/reflexiones-de-belarmino\/wp-json\/wp\/v2\/posts\/32870"}],"collection":[{"href":"https:\/\/blogs.elcomercio.es\/reflexiones-de-belarmino\/wp-json\/wp\/v2\/posts"}],"about":[{"href":"https:\/\/blogs.elcomercio.es\/reflexiones-de-belarmino\/wp-json\/wp\/v2\/types\/post"}],"author":[{"embeddable":true,"href":"https:\/\/blogs.elcomercio.es\/reflexiones-de-belarmino\/wp-json\/wp\/v2\/users\/16"}],"replies":[{"embeddable":true,"href":"https:\/\/blogs.elcomercio.es\/reflexiones-de-belarmino\/wp-json\/wp\/v2\/comments?post=32870"}],"version-history":[{"count":2,"href":"https:\/\/blogs.elcomercio.es\/reflexiones-de-belarmino\/wp-json\/wp\/v2\/posts\/32870\/revisions"}],"predecessor-version":[{"id":32872,"href":"https:\/\/blogs.elcomercio.es\/reflexiones-de-belarmino\/wp-json\/wp\/v2\/posts\/32870\/revisions\/32872"}],"wp:attachment":[{"href":"https:\/\/blogs.elcomercio.es\/reflexiones-de-belarmino\/wp-json\/wp\/v2\/media?parent=32870"}],"wp:term":[{"taxonomy":"category","embeddable":true,"href":"https:\/\/blogs.elcomercio.es\/reflexiones-de-belarmino\/wp-json\/wp\/v2\/categories?post=32870"},{"taxonomy":"post_tag","embeddable":true,"href":"https:\/\/blogs.elcomercio.es\/reflexiones-de-belarmino\/wp-json\/wp\/v2\/tags?post=32870"}],"curies":[{"name":"wp","href":"https:\/\/api.w.org\/{rel}","templated":true}]}}