{"id":32873,"date":"2023-10-27T15:38:28","date_gmt":"2023-10-27T13:38:28","guid":{"rendered":"https:\/\/blogs.elcomercio.es\/reflexiones-de-belarmino\/?p=32873"},"modified":"2023-10-27T15:38:28","modified_gmt":"2023-10-27T13:38:28","slug":"si-los-israelitas-entran-a-gaza-nadie-saldra-vivo-guardia-de-elite-de-iran","status":"publish","type":"post","link":"https:\/\/blogs.elcomercio.es\/reflexiones-de-belarmino\/2023\/10\/27\/si-los-israelitas-entran-a-gaza-nadie-saldra-vivo-guardia-de-elite-de-iran\/","title":{"rendered":"\u00a1\u00a1\u00a1&#8221;SI LOS ISRAELITAS ENTRAN A GAZA, NADIE SALDR\u00c1 VIVO &#8220;:GUARDIA DE \u00c9LITE DE IR\u00c1N !!!"},"content":{"rendered":"<p><b>En Ir\u00e1n, por encima del ejercito existe una Guardia Revolucionaria de elite, m\u00e1s poderosa que el ejercito.Hoy el lider habl\u00f3 en Teeher\u00e1n: SI LOS ISRAELITAS ENTRAN EN GAZA, NADIE SALDR\u00c1\u00a0VIVO&#8221;\u00a0<\/b><\/p>\n<!-- AddThis Advanced Settings generic via filter on the_content --><!-- AddThis Share Buttons generic via filter on the_content -->","protected":false},"excerpt":{"rendered":"<p>En Ir\u00e1n, por encima del ejercito existe una Guardia Revolucionaria de elite, m\u00e1s poderosa que el ejercito.Hoy el lider habl\u00f3 en Teeher\u00e1n: SI LOS ISRAELITAS ENTRAN EN GAZA, NADIE SALDR\u00c1\u00a0VIVO&#8221;\u00a0<!-- AddThis Advanced Settings generic via filter on get_the_excerpt --><!-- AddThis Share Buttons generic via filter on get_the_excerpt --><\/p>\n","protected":false},"author":16,"featured_media":0,"comment_status":"open","ping_status":"closed","sticky":false,"template":"","format":"standard","meta":[],"categories":[1],"tags":[],"_links":{"self":[{"href":"https:\/\/blogs.elcomercio.es\/reflexiones-de-belarmino\/wp-json\/wp\/v2\/posts\/32873"}],"collection":[{"href":"https:\/\/blogs.elcomercio.es\/reflexiones-de-belarmino\/wp-json\/wp\/v2\/posts"}],"about":[{"href":"https:\/\/blogs.elcomercio.es\/reflexiones-de-belarmino\/wp-json\/wp\/v2\/types\/post"}],"author":[{"embeddable":true,"href":"https:\/\/blogs.elcomercio.es\/reflexiones-de-belarmino\/wp-json\/wp\/v2\/users\/16"}],"replies":[{"embeddable":true,"href":"https:\/\/blogs.elcomercio.es\/reflexiones-de-belarmino\/wp-json\/wp\/v2\/comments?post=32873"}],"version-history":[{"count":2,"href":"https:\/\/blogs.elcomercio.es\/reflexiones-de-belarmino\/wp-json\/wp\/v2\/posts\/32873\/revisions"}],"predecessor-version":[{"id":32875,"href":"https:\/\/blogs.elcomercio.es\/reflexiones-de-belarmino\/wp-json\/wp\/v2\/posts\/32873\/revisions\/32875"}],"wp:attachment":[{"href":"https:\/\/blogs.elcomercio.es\/reflexiones-de-belarmino\/wp-json\/wp\/v2\/media?parent=32873"}],"wp:term":[{"taxonomy":"category","embeddable":true,"href":"https:\/\/blogs.elcomercio.es\/reflexiones-de-belarmino\/wp-json\/wp\/v2\/categories?post=32873"},{"taxonomy":"post_tag","embeddable":true,"href":"https:\/\/blogs.elcomercio.es\/reflexiones-de-belarmino\/wp-json\/wp\/v2\/tags?post=32873"}],"curies":[{"name":"wp","href":"https:\/\/api.w.org\/{rel}","templated":true}]}}