{"id":32876,"date":"2023-10-27T19:53:58","date_gmt":"2023-10-27T17:53:58","guid":{"rendered":"https:\/\/blogs.elcomercio.es\/reflexiones-de-belarmino\/?p=32876"},"modified":"2023-10-27T19:53:58","modified_gmt":"2023-10-27T17:53:58","slug":"al-ni-estar-invitado-juan-carlos-al-juramento-de-leonor-no-va-sofia-y-por-supuesto-el-unico-presidente-que-no-ira-es-felipe-gonzalez","status":"publish","type":"post","link":"https:\/\/blogs.elcomercio.es\/reflexiones-de-belarmino\/2023\/10\/27\/al-ni-estar-invitado-juan-carlos-al-juramento-de-leonor-no-va-sofia-y-por-supuesto-el-unico-presidente-que-no-ira-es-felipe-gonzalez\/","title":{"rendered":"\u00a1\u00a1\u00a1 AL NI ESTAR INVITADO JUAN CARLOS AL JURAMENTO DE LEONOR, NO VA SOF\u00cdA, Y, POR SUPUESTO, EL \u00daNICO PRESIDENTE QUE NO IRA ES FELIPE GONZALEZ !!!"},"content":{"rendered":"<p><strong>Movimientos entre los ex del 78. . Firmes, Felipe VI y Leticia, no invitaron a Juan Carlos I, a estar en el Hemiciclo.\u00a0 Sof\u00eda acaba de anunciar que ella tampoco va . En el acto en el sal\u00f3n de los Pasos Perdidos van todos los presidentes, menos, &#8220;off course&#8221;, Felipe Gonz\u00e1lez, no s\u00f3lo aliado de Juan Carlos , quiz\u00e1s hasta socio , sino disgustado por Sanchez, Leonor, Leticia etc.etc. todo lo que es el futuro.<\/strong><\/p>\n<p><strong>En el brindis familiar en El Pardo, los primos, la mayor\u00eda no ir\u00e1 y Juan Carlos ha pedido audiencia con el rey Felipe VI. Estar\u00e1 6 horas en El Pardo, y se ir\u00e1 a Inglaterra.En el aire estar\u00e1 la herencia del Em\u00e9rito<\/strong><\/p>\n<p><strong>Autodepuraci\u00f3n de los Borbones, que limpia el proceso para consolidar una monarqu\u00eda que no tenga nada que ver con la transici\u00f3n manejada por Franco y sus ac\u00f3litos, por supuesto Mohamed V.<\/strong><\/p>\n<p><strong>Sin estos lastres, la Nueva Espa\u00f1a que viene, dar\u00e1 una modernidad a la Espa\u00f1a del 2023.<\/strong><\/p>\n<p><strong>Como en la pelicula &#8221; Good Bey, Len\u00edn &#8220;<\/strong><\/p>\n<!-- AddThis Advanced Settings generic via filter on the_content --><!-- AddThis Share Buttons generic via filter on the_content -->","protected":false},"excerpt":{"rendered":"<p>Movimientos entre los ex del 78. . Firmes, Felipe VI y Leticia, no invitaron a Juan Carlos I, a estar en el Hemiciclo.\u00a0 Sof\u00eda acaba de anunciar que ella tampoco va . En el acto en el sal\u00f3n de los Pasos Perdidos van todos los presidentes, menos, &#8220;off course&#8221;, Felipe Gonz\u00e1lez, no s\u00f3lo aliado de [&hellip;]<!-- AddThis Advanced Settings generic via filter on get_the_excerpt --><!-- AddThis Share Buttons generic via filter on get_the_excerpt --><\/p>\n","protected":false},"author":16,"featured_media":0,"comment_status":"open","ping_status":"closed","sticky":false,"template":"","format":"standard","meta":[],"categories":[1],"tags":[],"_links":{"self":[{"href":"https:\/\/blogs.elcomercio.es\/reflexiones-de-belarmino\/wp-json\/wp\/v2\/posts\/32876"}],"collection":[{"href":"https:\/\/blogs.elcomercio.es\/reflexiones-de-belarmino\/wp-json\/wp\/v2\/posts"}],"about":[{"href":"https:\/\/blogs.elcomercio.es\/reflexiones-de-belarmino\/wp-json\/wp\/v2\/types\/post"}],"author":[{"embeddable":true,"href":"https:\/\/blogs.elcomercio.es\/reflexiones-de-belarmino\/wp-json\/wp\/v2\/users\/16"}],"replies":[{"embeddable":true,"href":"https:\/\/blogs.elcomercio.es\/reflexiones-de-belarmino\/wp-json\/wp\/v2\/comments?post=32876"}],"version-history":[{"count":2,"href":"https:\/\/blogs.elcomercio.es\/reflexiones-de-belarmino\/wp-json\/wp\/v2\/posts\/32876\/revisions"}],"predecessor-version":[{"id":32878,"href":"https:\/\/blogs.elcomercio.es\/reflexiones-de-belarmino\/wp-json\/wp\/v2\/posts\/32876\/revisions\/32878"}],"wp:attachment":[{"href":"https:\/\/blogs.elcomercio.es\/reflexiones-de-belarmino\/wp-json\/wp\/v2\/media?parent=32876"}],"wp:term":[{"taxonomy":"category","embeddable":true,"href":"https:\/\/blogs.elcomercio.es\/reflexiones-de-belarmino\/wp-json\/wp\/v2\/categories?post=32876"},{"taxonomy":"post_tag","embeddable":true,"href":"https:\/\/blogs.elcomercio.es\/reflexiones-de-belarmino\/wp-json\/wp\/v2\/tags?post=32876"}],"curies":[{"name":"wp","href":"https:\/\/api.w.org\/{rel}","templated":true}]}}