{"id":32881,"date":"2023-10-28T11:10:05","date_gmt":"2023-10-28T09:10:05","guid":{"rendered":"https:\/\/blogs.elcomercio.es\/reflexiones-de-belarmino\/?p=32881"},"modified":"2023-10-28T11:10:05","modified_gmt":"2023-10-28T09:10:05","slug":"wang-li-en-washington-la-onu-aplasta-la-accion-de-israel-mientras-esta-intensifica-los-bombardeos","status":"publish","type":"post","link":"https:\/\/blogs.elcomercio.es\/reflexiones-de-belarmino\/2023\/10\/28\/wang-li-en-washington-la-onu-aplasta-la-accion-de-israel-mientras-esta-intensifica-los-bombardeos\/","title":{"rendered":"\u00a1\u00a1\u00a1\u00a1WANG LI EN WASHINGTON.-LA ONU APLASTA  LA ACCI\u00d3N DE ISRAEL.,MIENTRAS \u00c9STA INTENSIFICA LOS BOMBARDEOS !!!"},"content":{"rendered":"<p><b>Wang Li, no es cual dirigente chino. Es, en nuestra opini\u00f3n, el segundo de Xi, por que es el responsable de exteriores no del gobierno, sino del Partido, Cuando ayer se re\u00fane\u00a0en Washington con Biden, el objetivo pareci\u00f3 claro:\u00a0 Ante la ofensiva israelita que se viene sobre Gaza, y la esperada respuesta, que va a ser\u00a0 y dura por que va a prender Medio Oriente, Xi mand\u00f3 al duro del partido a dejar claro el papel del China y las lineas rojas que no est\u00e1n dispuestos a aceptar.<\/b><\/p>\n<p><strong>Al imperio se le habla as\u00ed: en directo, a los ojos, sin ruido ni declaraciones. Wang Li es tremendo, no hay que ver m\u00e1s su rostro y como acab\u00f3 con el Ministro de Relaciones Exteriores que, venido de Washington, acababa de ser nombrado<\/strong><\/p>\n<p><strong>Tras el fracaso de la Uni\u00f3n Europea, donde &#8220;los 27&#8221;, tardaron cinco horas en cambiar una palabra, en el conflicto, ayer dos paises Espa\u00f1a y Francia, rompieron la unidad. Fueron los \u00fanicos en plantear el alto al fuego temporal y la entrada de los 5,000 camiones que esperan para entrar en Rafah(en 4 d\u00edas Israel, due\u00f1o de la situaci\u00f3n ha permitido 82 camiones )..<\/strong><\/p>\n<p><b>La aplastante mayor\u00eda de la Asamblea de Naciones Unidas contra Israel, no le hacen cosquillas a Don Benjam\u00edn y al pueblo elegido, pero, sin embargo quien valor\u00f3 que, por fin Europa rompiese el monol\u00edtico\u00a0apoyo a Israel, fue el responsable de la Asamblea Nacional\u00a0Palestina, que dijo &#8220;gracias, por fin Europa se atreve &#8220;.<\/b><\/p>\n<p><b>Habr\u00e1 una tregua para no acabar con un pueblo entero. Un d\u00eda millones defendimos a los jud\u00edos\u00a0antes los nazis, pero hoy Israel, est\u00e1 acabando con 2 millones, entre ellos un mill\u00f3n\u00a0de ni\u00f1os, ante la indiferencia internacional.<\/b><\/p>\n<p><b>El conflicto\u00a0se va a extender. Va a incendiar a Medio Oriente<\/b><\/p>\n<!-- AddThis Advanced Settings generic via filter on the_content --><!-- AddThis Share Buttons generic via filter on the_content -->","protected":false},"excerpt":{"rendered":"<p>Wang Li, no es cual dirigente chino. Es, en nuestra opini\u00f3n, el segundo de Xi, por que es el responsable de exteriores no del gobierno, sino del Partido, Cuando ayer se re\u00fane\u00a0en Washington con Biden, el objetivo pareci\u00f3 claro:\u00a0 Ante la ofensiva israelita que se viene sobre Gaza, y la esperada respuesta, que va a [&hellip;]<!-- AddThis Advanced Settings generic via filter on get_the_excerpt --><!-- AddThis Share Buttons generic via filter on get_the_excerpt --><\/p>\n","protected":false},"author":16,"featured_media":0,"comment_status":"open","ping_status":"closed","sticky":false,"template":"","format":"standard","meta":[],"categories":[1],"tags":[],"_links":{"self":[{"href":"https:\/\/blogs.elcomercio.es\/reflexiones-de-belarmino\/wp-json\/wp\/v2\/posts\/32881"}],"collection":[{"href":"https:\/\/blogs.elcomercio.es\/reflexiones-de-belarmino\/wp-json\/wp\/v2\/posts"}],"about":[{"href":"https:\/\/blogs.elcomercio.es\/reflexiones-de-belarmino\/wp-json\/wp\/v2\/types\/post"}],"author":[{"embeddable":true,"href":"https:\/\/blogs.elcomercio.es\/reflexiones-de-belarmino\/wp-json\/wp\/v2\/users\/16"}],"replies":[{"embeddable":true,"href":"https:\/\/blogs.elcomercio.es\/reflexiones-de-belarmino\/wp-json\/wp\/v2\/comments?post=32881"}],"version-history":[{"count":2,"href":"https:\/\/blogs.elcomercio.es\/reflexiones-de-belarmino\/wp-json\/wp\/v2\/posts\/32881\/revisions"}],"predecessor-version":[{"id":32883,"href":"https:\/\/blogs.elcomercio.es\/reflexiones-de-belarmino\/wp-json\/wp\/v2\/posts\/32881\/revisions\/32883"}],"wp:attachment":[{"href":"https:\/\/blogs.elcomercio.es\/reflexiones-de-belarmino\/wp-json\/wp\/v2\/media?parent=32881"}],"wp:term":[{"taxonomy":"category","embeddable":true,"href":"https:\/\/blogs.elcomercio.es\/reflexiones-de-belarmino\/wp-json\/wp\/v2\/categories?post=32881"},{"taxonomy":"post_tag","embeddable":true,"href":"https:\/\/blogs.elcomercio.es\/reflexiones-de-belarmino\/wp-json\/wp\/v2\/tags?post=32881"}],"curies":[{"name":"wp","href":"https:\/\/api.w.org\/{rel}","templated":true}]}}