{"id":32894,"date":"2023-10-29T19:39:27","date_gmt":"2023-10-29T18:39:27","guid":{"rendered":"https:\/\/blogs.elcomercio.es\/reflexiones-de-belarmino\/?p=32894"},"modified":"2023-10-29T19:39:27","modified_gmt":"2023-10-29T18:39:27","slug":"la-decadencia-de-la-aristocracia-espanola-dona-ana-secandose-por-los-pozos-de-los-herederos-de-la-duquesa-de-alba-entre-otros","status":"publish","type":"post","link":"https:\/\/blogs.elcomercio.es\/reflexiones-de-belarmino\/2023\/10\/29\/la-decadencia-de-la-aristocracia-espanola-dona-ana-secandose-por-los-pozos-de-los-herederos-de-la-duquesa-de-alba-entre-otros\/","title":{"rendered":"\u00a1\u00a1\u00a1 LA DECADENCIA DE LA ARISTOCRACIA ESPA\u00d1OLA.- DO\u00d1A ANA SEC\u00c1NDOSE POR LOS POZOS DE LOS  HEREDEROS DE LA DUQUESA DE ALBA, ENTRE OTROS !!"},"content":{"rendered":"<p><b>Todos sab\u00edamos que Dona Ana estaba sec\u00e1ndose, debido a la autorizaci\u00f3n de los latifundistas de la regi\u00f3n que extra\u00edan el agua con pozos. La Junta de Andaluc\u00eda\u00a0protege a los latifundistas de esa regi\u00f3n\u00a0que extraen agua para sus cultivos\u00a0a trav\u00e9s de pozos privados.. Y esto no viene del gobierno del PP, sino que viene a\u00f1os atr\u00e1s, con gobiernos socialistas. Total apoyo a los latifundistas de siempre de hist\u00f3ricos apellidos.\u00a0<\/b><\/p>\n<p><b>De repente sale a la luz, por un conflicto entre los dos hijos y la hija de la Duquesa de Alba, disput\u00e1ndose\u00a0&#8220;los cuartos&#8221; que ellos son los que disponen de esos pozos. Como en el franquismo, los capitales, los latifundios siguen en las mismas manos de los que se levantaron contra la II Rep\u00fablica que repart\u00eda la tierra.-<\/b><\/p>\n<p><strong>Con Fondos Europeos, los &#8221; grandes de Espa\u00f1a&#8221;, son los grandes latifundistas de Espa\u00f1a, como los grandes capitales del Ibex 35 vienen casi todos del franquismo.\u00bf Y los gobiernos espa\u00f1oles de los \u00faltimos 40 a\u00f1os que hicieron?. Una muestra m\u00e1s del gatopardismo de la llamada transici\u00f3n.<\/strong><\/p>\n<p>&nbsp;<\/p>\n<!-- AddThis Advanced Settings generic via filter on the_content --><!-- AddThis Share Buttons generic via filter on the_content -->","protected":false},"excerpt":{"rendered":"<p>Todos sab\u00edamos que Dona Ana estaba sec\u00e1ndose, debido a la autorizaci\u00f3n de los latifundistas de la regi\u00f3n que extra\u00edan el agua con pozos. La Junta de Andaluc\u00eda\u00a0protege a los latifundistas de esa regi\u00f3n\u00a0que extraen agua para sus cultivos\u00a0a trav\u00e9s de pozos privados.. Y esto no viene del gobierno del PP, sino que viene a\u00f1os atr\u00e1s, [&hellip;]<!-- AddThis Advanced Settings generic via filter on get_the_excerpt --><!-- AddThis Share Buttons generic via filter on get_the_excerpt --><\/p>\n","protected":false},"author":16,"featured_media":0,"comment_status":"open","ping_status":"closed","sticky":false,"template":"","format":"standard","meta":[],"categories":[1],"tags":[],"_links":{"self":[{"href":"https:\/\/blogs.elcomercio.es\/reflexiones-de-belarmino\/wp-json\/wp\/v2\/posts\/32894"}],"collection":[{"href":"https:\/\/blogs.elcomercio.es\/reflexiones-de-belarmino\/wp-json\/wp\/v2\/posts"}],"about":[{"href":"https:\/\/blogs.elcomercio.es\/reflexiones-de-belarmino\/wp-json\/wp\/v2\/types\/post"}],"author":[{"embeddable":true,"href":"https:\/\/blogs.elcomercio.es\/reflexiones-de-belarmino\/wp-json\/wp\/v2\/users\/16"}],"replies":[{"embeddable":true,"href":"https:\/\/blogs.elcomercio.es\/reflexiones-de-belarmino\/wp-json\/wp\/v2\/comments?post=32894"}],"version-history":[{"count":2,"href":"https:\/\/blogs.elcomercio.es\/reflexiones-de-belarmino\/wp-json\/wp\/v2\/posts\/32894\/revisions"}],"predecessor-version":[{"id":32896,"href":"https:\/\/blogs.elcomercio.es\/reflexiones-de-belarmino\/wp-json\/wp\/v2\/posts\/32894\/revisions\/32896"}],"wp:attachment":[{"href":"https:\/\/blogs.elcomercio.es\/reflexiones-de-belarmino\/wp-json\/wp\/v2\/media?parent=32894"}],"wp:term":[{"taxonomy":"category","embeddable":true,"href":"https:\/\/blogs.elcomercio.es\/reflexiones-de-belarmino\/wp-json\/wp\/v2\/categories?post=32894"},{"taxonomy":"post_tag","embeddable":true,"href":"https:\/\/blogs.elcomercio.es\/reflexiones-de-belarmino\/wp-json\/wp\/v2\/tags?post=32894"}],"curies":[{"name":"wp","href":"https:\/\/api.w.org\/{rel}","templated":true}]}}