{"id":32905,"date":"2023-10-30T20:44:13","date_gmt":"2023-10-30T19:44:13","guid":{"rendered":"https:\/\/blogs.elcomercio.es\/reflexiones-de-belarmino\/?p=32905"},"modified":"2023-10-30T20:44:13","modified_gmt":"2023-10-30T19:44:13","slug":"el-duro-del-psoe-marcos-cerdan-se-reune-hoy-con-puigdemont-en-bruselas-y-se-cierran-los-pendientes-de-un-pacto-de-legislatura","status":"publish","type":"post","link":"https:\/\/blogs.elcomercio.es\/reflexiones-de-belarmino\/2023\/10\/30\/el-duro-del-psoe-marcos-cerdan-se-reune-hoy-con-puigdemont-en-bruselas-y-se-cierran-los-pendientes-de-un-pacto-de-legislatura\/","title":{"rendered":"\u00a1\u00a1\u00a1 EL &#8220;DURO&#8221; DEL PSOE, MARCOS CERD\u00c1N, SE RE\u00daNE HOY CON PUIGDEMONT EN BRUSELAS Y SE CIERRAN LOS PENDIENTES DE UN PACTO DE LEGISLATURA !!!"},"content":{"rendered":"<p><strong>Faltaba el cierre final no de la Investidura de Pedro S\u00e1nchez, sino de un pacto de legislatura. Por ello,\u00a0<\/strong><b>tras el apoyo total del Comit\u00e9 Federal que se lleva esta semana a las bases socialistas\u00a0en todo el pa\u00eds, el partido mand\u00f3 al &#8221; duro&#8221; del partido, al operador del mismo Marcos Cerd\u00e1,\u00a0 a entrevistarse con Carles Puigdemont en Bruselas. No se trataba, nada m\u00e1s de lograr la investidura, sino de las bases para un pacto\u00a0 de\u00a0Legislatura. Con ello se cierra la \u00faltima etapa que, quiz\u00e1s el d\u00eda 12 ,lleve a Pedro S\u00e1nchez a su investidura, por cuatro a\u00f1os m\u00e1s.<\/b><\/p>\n<p><b>Tener La Moncloa, los Presupuestos Generales\u00a0del Estado y el BOE, empezar\u00e1 la nueva etapa de Espa\u00f1a.<\/b><\/p>\n<p><b> Sorprende la resiliencia de Pedro Sanchez en esta batalla que lleva 5 a\u00f1os. Antes que termine noviembre\u00a0Pedro S\u00e1nchez en el Congreso de la Internacional Socialista ser\u00e1 nombrado su presidente.<\/b><\/p>\n<p><b>\u00bf Que capacidad hay\u00a0que tener para enfrentara a todos durante 5 a\u00f1os, y no s\u00f3lo ser presidente del Gobierno de Espa\u00f1a, presidente de Europa y de la Internacional Socialista?.<\/b><\/p>\n<p><b> En el camino quedaron\u00a0Rajoy, Casado, Feij\u00f3o, la Iglesia Cat\u00f3lica,\u00a0 Juan Carlos I, Gonzalez , Guerra, y\u00a0 Pablo Iglesias, entre tantos.<\/b><\/p>\n<p><strong>Conviene valorarlo.<\/strong><\/p>\n<p>&nbsp;<\/p>\n<p>&nbsp;<\/p>\n<!-- AddThis Advanced Settings generic via filter on the_content --><!-- AddThis Share Buttons generic via filter on the_content -->","protected":false},"excerpt":{"rendered":"<p>Faltaba el cierre final no de la Investidura de Pedro S\u00e1nchez, sino de un pacto de legislatura. Por ello,\u00a0tras el apoyo total del Comit\u00e9 Federal que se lleva esta semana a las bases socialistas\u00a0en todo el pa\u00eds, el partido mand\u00f3 al &#8221; duro&#8221; del partido, al operador del mismo Marcos Cerd\u00e1,\u00a0 a entrevistarse con Carles [&hellip;]<!-- AddThis Advanced Settings generic via filter on get_the_excerpt --><!-- AddThis Share Buttons generic via filter on get_the_excerpt --><\/p>\n","protected":false},"author":16,"featured_media":0,"comment_status":"open","ping_status":"closed","sticky":false,"template":"","format":"standard","meta":[],"categories":[1],"tags":[],"_links":{"self":[{"href":"https:\/\/blogs.elcomercio.es\/reflexiones-de-belarmino\/wp-json\/wp\/v2\/posts\/32905"}],"collection":[{"href":"https:\/\/blogs.elcomercio.es\/reflexiones-de-belarmino\/wp-json\/wp\/v2\/posts"}],"about":[{"href":"https:\/\/blogs.elcomercio.es\/reflexiones-de-belarmino\/wp-json\/wp\/v2\/types\/post"}],"author":[{"embeddable":true,"href":"https:\/\/blogs.elcomercio.es\/reflexiones-de-belarmino\/wp-json\/wp\/v2\/users\/16"}],"replies":[{"embeddable":true,"href":"https:\/\/blogs.elcomercio.es\/reflexiones-de-belarmino\/wp-json\/wp\/v2\/comments?post=32905"}],"version-history":[{"count":4,"href":"https:\/\/blogs.elcomercio.es\/reflexiones-de-belarmino\/wp-json\/wp\/v2\/posts\/32905\/revisions"}],"predecessor-version":[{"id":32909,"href":"https:\/\/blogs.elcomercio.es\/reflexiones-de-belarmino\/wp-json\/wp\/v2\/posts\/32905\/revisions\/32909"}],"wp:attachment":[{"href":"https:\/\/blogs.elcomercio.es\/reflexiones-de-belarmino\/wp-json\/wp\/v2\/media?parent=32905"}],"wp:term":[{"taxonomy":"category","embeddable":true,"href":"https:\/\/blogs.elcomercio.es\/reflexiones-de-belarmino\/wp-json\/wp\/v2\/categories?post=32905"},{"taxonomy":"post_tag","embeddable":true,"href":"https:\/\/blogs.elcomercio.es\/reflexiones-de-belarmino\/wp-json\/wp\/v2\/tags?post=32905"}],"curies":[{"name":"wp","href":"https:\/\/api.w.org\/{rel}","templated":true}]}}