{"id":32913,"date":"2023-10-31T08:23:00","date_gmt":"2023-10-31T07:23:00","guid":{"rendered":"https:\/\/blogs.elcomercio.es\/reflexiones-de-belarmino\/?p=32913"},"modified":"2023-10-31T08:23:00","modified_gmt":"2023-10-31T07:23:00","slug":"con-leonor-borbon-ortiz-se-inicia-una-nueva-etapa-de-la-monarquia-la-entrada-de-una-generacion-que-va-a-afectar-a-los-nacionalistas","status":"publish","type":"post","link":"https:\/\/blogs.elcomercio.es\/reflexiones-de-belarmino\/2023\/10\/31\/con-leonor-borbon-ortiz-se-inicia-una-nueva-etapa-de-la-monarquia-la-entrada-de-una-generacion-que-va-a-afectar-a-los-nacionalistas\/","title":{"rendered":"\u00a1\u00a1\u00a1\u00a1CON LEONOR BORBON ORTIZ SE INICIA UNA NUEVA ETAPA DE LA MONARQU\u00cdA, LA ENTRADA DE UNA GENERACI\u00d3N QUE VA A AFECTAR A LOS NACIONALISTAS !!!"},"content":{"rendered":"<p><strong>Hoy, con el Juramento de LEONOR BORBON ORTIZ, no s\u00f3lo se abre una nueva etapa en la Monarqu\u00eda Parlamentaria en Espa\u00f1a, sino que surge un cambio generacional, con la generaci\u00f3n Z, muy preparada que deber\u00e1 de ser aprovechada y que afectar\u00e1 a los nacionalistas, sobre todo los catalanes. Adem\u00e1s el proceso va a afectar a la vieja Iglesia Espa\u00f1ola, a la clase politica, a los latifundistas.Lo de hoy es mucho m\u00e1s que un Juramento de una mujer de 18 a\u00f1os, sino que trascender\u00e1.Atr\u00e1s quedaron los ex del 78.<\/strong><\/p>\n<!-- AddThis Advanced Settings generic via filter on the_content --><!-- AddThis Share Buttons generic via filter on the_content -->","protected":false},"excerpt":{"rendered":"<p>Hoy, con el Juramento de LEONOR BORBON ORTIZ, no s\u00f3lo se abre una nueva etapa en la Monarqu\u00eda Parlamentaria en Espa\u00f1a, sino que surge un cambio generacional, con la generaci\u00f3n Z, muy preparada que deber\u00e1 de ser aprovechada y que afectar\u00e1 a los nacionalistas, sobre todo los catalanes. Adem\u00e1s el proceso va a afectar a [&hellip;]<!-- AddThis Advanced Settings generic via filter on get_the_excerpt --><!-- AddThis Share Buttons generic via filter on get_the_excerpt --><\/p>\n","protected":false},"author":16,"featured_media":0,"comment_status":"open","ping_status":"closed","sticky":false,"template":"","format":"standard","meta":[],"categories":[1],"tags":[],"_links":{"self":[{"href":"https:\/\/blogs.elcomercio.es\/reflexiones-de-belarmino\/wp-json\/wp\/v2\/posts\/32913"}],"collection":[{"href":"https:\/\/blogs.elcomercio.es\/reflexiones-de-belarmino\/wp-json\/wp\/v2\/posts"}],"about":[{"href":"https:\/\/blogs.elcomercio.es\/reflexiones-de-belarmino\/wp-json\/wp\/v2\/types\/post"}],"author":[{"embeddable":true,"href":"https:\/\/blogs.elcomercio.es\/reflexiones-de-belarmino\/wp-json\/wp\/v2\/users\/16"}],"replies":[{"embeddable":true,"href":"https:\/\/blogs.elcomercio.es\/reflexiones-de-belarmino\/wp-json\/wp\/v2\/comments?post=32913"}],"version-history":[{"count":2,"href":"https:\/\/blogs.elcomercio.es\/reflexiones-de-belarmino\/wp-json\/wp\/v2\/posts\/32913\/revisions"}],"predecessor-version":[{"id":32915,"href":"https:\/\/blogs.elcomercio.es\/reflexiones-de-belarmino\/wp-json\/wp\/v2\/posts\/32913\/revisions\/32915"}],"wp:attachment":[{"href":"https:\/\/blogs.elcomercio.es\/reflexiones-de-belarmino\/wp-json\/wp\/v2\/media?parent=32913"}],"wp:term":[{"taxonomy":"category","embeddable":true,"href":"https:\/\/blogs.elcomercio.es\/reflexiones-de-belarmino\/wp-json\/wp\/v2\/categories?post=32913"},{"taxonomy":"post_tag","embeddable":true,"href":"https:\/\/blogs.elcomercio.es\/reflexiones-de-belarmino\/wp-json\/wp\/v2\/tags?post=32913"}],"curies":[{"name":"wp","href":"https:\/\/api.w.org\/{rel}","templated":true}]}}