{"id":33083,"date":"2023-11-13T09:49:56","date_gmt":"2023-11-13T08:49:56","guid":{"rendered":"https:\/\/blogs.elcomercio.es\/reflexiones-de-belarmino\/?p=33083"},"modified":"2023-11-13T09:49:56","modified_gmt":"2023-11-13T08:49:56","slug":"divididos-en-espana-como-siempre-si-es-cierto-pero-dentro-de-la-constitucion-y-el-derecho-esta-semana-habra-investidura","status":"publish","type":"post","link":"https:\/\/blogs.elcomercio.es\/reflexiones-de-belarmino\/2023\/11\/13\/divididos-en-espana-como-siempre-si-es-cierto-pero-dentro-de-la-constitucion-y-el-derecho-esta-semana-habra-investidura\/","title":{"rendered":"\u00a1\u00a1\u00a1\u00bf DIVIDIDOS EN ESPA\u00d1A, COMO SIEMPRE?. SI, ES CIERTO.- PERO, DENTRO DE LA CONSTITUCI\u00d3N Y EL DERECHO, ESTA SEMANA HABR\u00c1 INVESTIDURA !!!!"},"content":{"rendered":"<p><b>\u00bf Que estamos divididos en Espa\u00f1a, como siempre?. SI, ES CIERTO. Pero dentro de la Constituci\u00f3n cada quien ha tenido la oportunidad\u00a0de salir a las calles y decir lo que ha querido., incluso\u00a0algunas\u00a0de ellas altamente peligrosas que nos har\u00edan\u00a0\u00a0retroceder 40 a\u00f1os, lo cual tambi\u00e9n\u00a0 CIERTO.<\/b><\/p>\n<p><b>Pero que esta semana, dentro\u00a0de la Constituci\u00f3n \u00a0y el Derecho, habr\u00e1 sesi\u00f3n de Investidura tambi\u00e9n es CIERTO.<\/b><\/p>\n<p><strong>Todo lo dem\u00e1s qued\u00f3 atr\u00e1s&#8230;.<\/strong><\/p>\n<p><b>Ser\u00e1 la nueva Legislatura la que enfrentara\u00a0los problemas que se presentan, cada vez que alguien avanza en Espa\u00f1a, dej\u00e9monos de vueltas.<\/b><\/p>\n<p><strong>En los pr\u00f3ximos meses sabremos la realidad de Espa\u00f1a.<\/strong><\/p>\n<!-- AddThis Advanced Settings generic via filter on the_content --><!-- AddThis Share Buttons generic via filter on the_content -->","protected":false},"excerpt":{"rendered":"<p>\u00bf Que estamos divididos en Espa\u00f1a, como siempre?. SI, ES CIERTO. Pero dentro de la Constituci\u00f3n cada quien ha tenido la oportunidad\u00a0de salir a las calles y decir lo que ha querido., incluso\u00a0algunas\u00a0de ellas altamente peligrosas que nos har\u00edan\u00a0\u00a0retroceder 40 a\u00f1os, lo cual tambi\u00e9n\u00a0 CIERTO. Pero que esta semana, dentro\u00a0de la Constituci\u00f3n \u00a0y el Derecho, [&hellip;]<!-- AddThis Advanced Settings generic via filter on get_the_excerpt --><!-- AddThis Share Buttons generic via filter on get_the_excerpt --><\/p>\n","protected":false},"author":16,"featured_media":0,"comment_status":"open","ping_status":"closed","sticky":false,"template":"","format":"standard","meta":[],"categories":[1],"tags":[],"_links":{"self":[{"href":"https:\/\/blogs.elcomercio.es\/reflexiones-de-belarmino\/wp-json\/wp\/v2\/posts\/33083"}],"collection":[{"href":"https:\/\/blogs.elcomercio.es\/reflexiones-de-belarmino\/wp-json\/wp\/v2\/posts"}],"about":[{"href":"https:\/\/blogs.elcomercio.es\/reflexiones-de-belarmino\/wp-json\/wp\/v2\/types\/post"}],"author":[{"embeddable":true,"href":"https:\/\/blogs.elcomercio.es\/reflexiones-de-belarmino\/wp-json\/wp\/v2\/users\/16"}],"replies":[{"embeddable":true,"href":"https:\/\/blogs.elcomercio.es\/reflexiones-de-belarmino\/wp-json\/wp\/v2\/comments?post=33083"}],"version-history":[{"count":2,"href":"https:\/\/blogs.elcomercio.es\/reflexiones-de-belarmino\/wp-json\/wp\/v2\/posts\/33083\/revisions"}],"predecessor-version":[{"id":33085,"href":"https:\/\/blogs.elcomercio.es\/reflexiones-de-belarmino\/wp-json\/wp\/v2\/posts\/33083\/revisions\/33085"}],"wp:attachment":[{"href":"https:\/\/blogs.elcomercio.es\/reflexiones-de-belarmino\/wp-json\/wp\/v2\/media?parent=33083"}],"wp:term":[{"taxonomy":"category","embeddable":true,"href":"https:\/\/blogs.elcomercio.es\/reflexiones-de-belarmino\/wp-json\/wp\/v2\/categories?post=33083"},{"taxonomy":"post_tag","embeddable":true,"href":"https:\/\/blogs.elcomercio.es\/reflexiones-de-belarmino\/wp-json\/wp\/v2\/tags?post=33083"}],"curies":[{"name":"wp","href":"https:\/\/api.w.org\/{rel}","templated":true}]}}