{"id":33086,"date":"2023-11-13T11:55:55","date_gmt":"2023-11-13T10:55:55","guid":{"rendered":"https:\/\/blogs.elcomercio.es\/reflexiones-de-belarmino\/?p=33086"},"modified":"2023-11-13T11:55:55","modified_gmt":"2023-11-13T10:55:55","slug":"dentro-de-la-constitucion-hablaron-se-manifestaron-todos-incluso-los-que-desean-llegara-al-36-ahora-esta-semana-hablaremos-dentro-de-la-constitucion-los-que-votamos-por","status":"publish","type":"post","link":"https:\/\/blogs.elcomercio.es\/reflexiones-de-belarmino\/2023\/11\/13\/dentro-de-la-constitucion-hablaron-se-manifestaron-todos-incluso-los-que-desean-llegara-al-36-ahora-esta-semana-hablaremos-dentro-de-la-constitucion-los-que-votamos-por\/","title":{"rendered":"\u00a1\u00a1\u00a1\u00a1DENTRO DE LA CONSTITUCI\u00d3N, HABLARON, SE MANIFESTARON  TODOS, INCLUSO LOS QUE DESEAN LLEGARA AL 36. AHORA ESTA SEMANA HABLAREMOS, DENTRO DE LA CONSTITUCI\u00d3N,  LOS QUE VOTAMOS POR EL CAMBIO EL 23 DE JULIO !!!"},"content":{"rendered":"<p><b>Hoy es lunes 13 de noviembre de 2023. Como nunca, y dentro de la Constituci\u00f3n,\u00a0 hablaron, se manifestaron, atacaron sedes, dirigentes, llamaron al 36, a destruir la monarqu\u00eda, una parte del pueblo espa\u00f1ol. NI una censura, ni un herido grave, s\u00f3lo los de la polic\u00eda\u00a0que defend\u00edan\u00a0\u00a0esa Constituci\u00f3n\u00a0de 1978.<\/b><\/p>\n<p><b>La embestida no fue de esta semana, viene desde hace 5 a\u00f1os. Bien. El fracaso de Feij\u00f3o, para aganar tiempo hac\u00eda\u00a0nuevas elecciones, no inmut\u00f3 a nadie, pero el miedo de los poderes\u00a0facticos empezaron aumentar.<\/b><\/p>\n<p><strong>Pero el Estado de Derecho, la Constituci\u00f3n de 1978, resistieron a todos.<\/strong><\/p>\n<p><b>Ahora, esta semana, la Espa\u00f1a mayoritaria, callada, hablaremos en el Congreso y llevaremos a la Investidura al Gobierno de Coalici\u00f3n\u00a0y los Nacionalista, encabezados por Pedro Sanchez. y lo haremos, tambi\u00e9n dentro de la CONSTITUCI\u00d3N.<\/b><\/p>\n<p><b>El 28 de noviembre, una parte clave de esta oposici\u00f3n donde todo se val\u00eda, los 117 obispos, tendr\u00e1n que rendir cuentas en El Vaticano, ante el Papa Francisco, para responder, a las irregularidades de todas las di\u00f3cesis, del casi medio mill\u00f3n\u00a0de pederastas, al casi un mill\u00f3n de propiedades irregulares, desde todas las Iglesias, Catedrales, Mezquitas de C\u00f3rdoba, discotecas y terrenos bald\u00edos, que llegaron a sus manos, sin pasar por el gobierno, s\u00f3lo tras la firma de obispo. \u00bf Quien hizo esta barbaridad?. Tiene usted raz\u00f3n, fue JOSE MARIA AZNAR.<\/b><\/p>\n<p><b>Necesitamos un NUEVO CONCORDATO entre Espa\u00f1a y El Vaticano.\u00bf Que Francisco tiene ya 85 a\u00f1os?, si pero su sucesor seguir\u00e1 su l\u00ednea.<\/b><\/p>\n<p><strong>Una nueva etapa de la Nueva Espa\u00f1a, que no est\u00e1n dispuestos a permitir los poderes facticos, PERO QUE LLEGARA mas temprano que tarde.<\/strong><\/p>\n<p><b>Ese es el reto de todos nosotros, en especial de las nuevas generaciones, a los que habr\u00e1 que explicar, por primera vez, en las aulas, la autentica historia de Espa\u00f1a, particularmente lo hecho por sus &#8220;viejos&#8221; en la Segunda Rep\u00fablica.<\/b><\/p>\n<!-- AddThis Advanced Settings generic via filter on the_content --><!-- AddThis Share Buttons generic via filter on the_content -->","protected":false},"excerpt":{"rendered":"<p>Hoy es lunes 13 de noviembre de 2023. Como nunca, y dentro de la Constituci\u00f3n,\u00a0 hablaron, se manifestaron, atacaron sedes, dirigentes, llamaron al 36, a destruir la monarqu\u00eda, una parte del pueblo espa\u00f1ol. NI una censura, ni un herido grave, s\u00f3lo los de la polic\u00eda\u00a0que defend\u00edan\u00a0\u00a0esa Constituci\u00f3n\u00a0de 1978. La embestida no fue de esta semana, [&hellip;]<!-- AddThis Advanced Settings generic via filter on get_the_excerpt --><!-- AddThis Share Buttons generic via filter on get_the_excerpt --><\/p>\n","protected":false},"author":16,"featured_media":0,"comment_status":"open","ping_status":"closed","sticky":false,"template":"","format":"standard","meta":[],"categories":[1],"tags":[],"_links":{"self":[{"href":"https:\/\/blogs.elcomercio.es\/reflexiones-de-belarmino\/wp-json\/wp\/v2\/posts\/33086"}],"collection":[{"href":"https:\/\/blogs.elcomercio.es\/reflexiones-de-belarmino\/wp-json\/wp\/v2\/posts"}],"about":[{"href":"https:\/\/blogs.elcomercio.es\/reflexiones-de-belarmino\/wp-json\/wp\/v2\/types\/post"}],"author":[{"embeddable":true,"href":"https:\/\/blogs.elcomercio.es\/reflexiones-de-belarmino\/wp-json\/wp\/v2\/users\/16"}],"replies":[{"embeddable":true,"href":"https:\/\/blogs.elcomercio.es\/reflexiones-de-belarmino\/wp-json\/wp\/v2\/comments?post=33086"}],"version-history":[{"count":3,"href":"https:\/\/blogs.elcomercio.es\/reflexiones-de-belarmino\/wp-json\/wp\/v2\/posts\/33086\/revisions"}],"predecessor-version":[{"id":33089,"href":"https:\/\/blogs.elcomercio.es\/reflexiones-de-belarmino\/wp-json\/wp\/v2\/posts\/33086\/revisions\/33089"}],"wp:attachment":[{"href":"https:\/\/blogs.elcomercio.es\/reflexiones-de-belarmino\/wp-json\/wp\/v2\/media?parent=33086"}],"wp:term":[{"taxonomy":"category","embeddable":true,"href":"https:\/\/blogs.elcomercio.es\/reflexiones-de-belarmino\/wp-json\/wp\/v2\/categories?post=33086"},{"taxonomy":"post_tag","embeddable":true,"href":"https:\/\/blogs.elcomercio.es\/reflexiones-de-belarmino\/wp-json\/wp\/v2\/tags?post=33086"}],"curies":[{"name":"wp","href":"https:\/\/api.w.org\/{rel}","templated":true}]}}