{"id":33097,"date":"2023-11-13T17:13:18","date_gmt":"2023-11-13T16:13:18","guid":{"rendered":"https:\/\/blogs.elcomercio.es\/reflexiones-de-belarmino\/?p=33097"},"modified":"2023-11-13T17:13:18","modified_gmt":"2023-11-13T16:13:18","slug":"la-ley-de-amnistia-llega-al-congreso-con-un-reconocimiento-explicito-de-la-constitucion-y-del-orden-juridico","status":"publish","type":"post","link":"https:\/\/blogs.elcomercio.es\/reflexiones-de-belarmino\/2023\/11\/13\/la-ley-de-amnistia-llega-al-congreso-con-un-reconocimiento-explicito-de-la-constitucion-y-del-orden-juridico\/","title":{"rendered":"\u00a1\u00a1\u00a1LA LEY DE AMNISTIA LLEGA AL CONGRESO CON UN RECONOCIMIENTO EXPLICITO DE LA CONSTITUCI\u00d3N Y DEL ORDEN JUR\u00cdDICO !!"},"content":{"rendered":"<p><b>&#8220;Espa\u00f1a\u00a0 desde 1978 es una Democracia en los que se garantizan los derechos constitucionales:&#8221; Lo anterior ha sido firmado por Carles Puigdemont, y es una parte de la Ley de Amnist\u00eda\u00a0que se ha registrado hoy en el Congreso.<\/b><\/p>\n<p><b>Llega hoy al Congreso\u00a0 con un RECONOCIMIENTO EXPLICITO A LA CONSTITUCI\u00d3N Y AL ORDEN JUR\u00cdDICO.<\/b><\/p>\n<p><strong>Ahora si, se podr\u00e1 hablar sobre ella. Todo lo dem\u00e1s han sido especulaciones.<\/strong><\/p>\n<p><strong>El testo integro lo puede usted leer en el DIARIO.ES, el diario digital de Espa\u00f1a, nuestro referente para conocer el pensamiento de la izquierda, tras haber conocido en el resto de los medios de papel,lo que piensa la derecha.<\/strong><\/p>\n<!-- AddThis Advanced Settings generic via filter on the_content --><!-- AddThis Share Buttons generic via filter on the_content -->","protected":false},"excerpt":{"rendered":"<p>&#8220;Espa\u00f1a\u00a0 desde 1978 es una Democracia en los que se garantizan los derechos constitucionales:&#8221; Lo anterior ha sido firmado por Carles Puigdemont, y es una parte de la Ley de Amnist\u00eda\u00a0que se ha registrado hoy en el Congreso. Llega hoy al Congreso\u00a0 con un RECONOCIMIENTO EXPLICITO A LA CONSTITUCI\u00d3N Y AL ORDEN JUR\u00cdDICO. Ahora si, [&hellip;]<!-- AddThis Advanced Settings generic via filter on get_the_excerpt --><!-- AddThis Share Buttons generic via filter on get_the_excerpt --><\/p>\n","protected":false},"author":16,"featured_media":0,"comment_status":"open","ping_status":"closed","sticky":false,"template":"","format":"standard","meta":[],"categories":[1],"tags":[],"_links":{"self":[{"href":"https:\/\/blogs.elcomercio.es\/reflexiones-de-belarmino\/wp-json\/wp\/v2\/posts\/33097"}],"collection":[{"href":"https:\/\/blogs.elcomercio.es\/reflexiones-de-belarmino\/wp-json\/wp\/v2\/posts"}],"about":[{"href":"https:\/\/blogs.elcomercio.es\/reflexiones-de-belarmino\/wp-json\/wp\/v2\/types\/post"}],"author":[{"embeddable":true,"href":"https:\/\/blogs.elcomercio.es\/reflexiones-de-belarmino\/wp-json\/wp\/v2\/users\/16"}],"replies":[{"embeddable":true,"href":"https:\/\/blogs.elcomercio.es\/reflexiones-de-belarmino\/wp-json\/wp\/v2\/comments?post=33097"}],"version-history":[{"count":2,"href":"https:\/\/blogs.elcomercio.es\/reflexiones-de-belarmino\/wp-json\/wp\/v2\/posts\/33097\/revisions"}],"predecessor-version":[{"id":33099,"href":"https:\/\/blogs.elcomercio.es\/reflexiones-de-belarmino\/wp-json\/wp\/v2\/posts\/33097\/revisions\/33099"}],"wp:attachment":[{"href":"https:\/\/blogs.elcomercio.es\/reflexiones-de-belarmino\/wp-json\/wp\/v2\/media?parent=33097"}],"wp:term":[{"taxonomy":"category","embeddable":true,"href":"https:\/\/blogs.elcomercio.es\/reflexiones-de-belarmino\/wp-json\/wp\/v2\/categories?post=33097"},{"taxonomy":"post_tag","embeddable":true,"href":"https:\/\/blogs.elcomercio.es\/reflexiones-de-belarmino\/wp-json\/wp\/v2\/tags?post=33097"}],"curies":[{"name":"wp","href":"https:\/\/api.w.org\/{rel}","templated":true}]}}