{"id":33133,"date":"2023-11-16T10:17:11","date_gmt":"2023-11-16T09:17:11","guid":{"rendered":"https:\/\/blogs.elcomercio.es\/reflexiones-de-belarmino\/?p=33133"},"modified":"2023-11-16T10:17:11","modified_gmt":"2023-11-16T09:17:11","slug":"de-nuevo-h-bildu-un-ejemplo-fin-al-regimen-del-78cambiar-el-modelo-neo-liberal-y-dentro-de-la-constitucion-enfrentar-el-estado-plurinacional","status":"publish","type":"post","link":"https:\/\/blogs.elcomercio.es\/reflexiones-de-belarmino\/2023\/11\/16\/de-nuevo-h-bildu-un-ejemplo-fin-al-regimen-del-78cambiar-el-modelo-neo-liberal-y-dentro-de-la-constitucion-enfrentar-el-estado-plurinacional\/","title":{"rendered":"\u00a1\u00a1\u00a1\u00a1DE NUEVO, H. BILDU,  UN EJEMPLO. FIN AL R\u00c9GIMEN DEL 78,CAMBIAR EL MODELO NEO LIBERAL, Y, DENTRO DE LA CONSTITUCI\u00d3N, ENFRENTAR EL ESTADO PLURINACIONAL !!!"},"content":{"rendered":"<p><b>En la sencillez de sus seis esca\u00f1os, en avance, hoy Maitxe Aizpur\u00faa la representantes de H. Bildu, nos mostr\u00f3 a muchos que es una\u00a0 fuerza m\u00e1s consecuente que la mayor\u00eda. Desde un principio entendi\u00f3 el proyecto de la Nueva Espa\u00f1a, la del 2023:Acabar con el regimen del 78 y su\u00a0 neoliberalismo; ir a la democracia politica y social; avances sociales; como dependen de los 100 m\u00e1s poderosos del pa\u00eds los partido de la derecha y la ultra derecha\u00a0y la necesidad de cambiar el modelo territorial\u00a0de la Espa\u00f1a actual.<\/b><\/p>\n<p><b>Sin amenazas como Ruf\u00edan y ERC o Junts, saben que esto es un PROCESO y que hay que dar paso a paso, y que el paso de investir hoy al Gobierno de Coalici\u00f3n Progresista\u00a0 uno m\u00e1s, que ha dolido, por que deja atr\u00e1s a la Transici\u00f3n\u00a0Gatopardista.<\/b><\/p>\n<p><strong>Habr\u00e1 Legislatura y habr\u00e1 futuro.<\/strong><\/p>\n<!-- AddThis Advanced Settings generic via filter on the_content --><!-- AddThis Share Buttons generic via filter on the_content -->","protected":false},"excerpt":{"rendered":"<p>En la sencillez de sus seis esca\u00f1os, en avance, hoy Maitxe Aizpur\u00faa la representantes de H. Bildu, nos mostr\u00f3 a muchos que es una\u00a0 fuerza m\u00e1s consecuente que la mayor\u00eda. Desde un principio entendi\u00f3 el proyecto de la Nueva Espa\u00f1a, la del 2023:Acabar con el regimen del 78 y su\u00a0 neoliberalismo; ir a la democracia [&hellip;]<!-- AddThis Advanced Settings generic via filter on get_the_excerpt --><!-- AddThis Share Buttons generic via filter on get_the_excerpt --><\/p>\n","protected":false},"author":16,"featured_media":0,"comment_status":"open","ping_status":"closed","sticky":false,"template":"","format":"standard","meta":[],"categories":[1],"tags":[],"_links":{"self":[{"href":"https:\/\/blogs.elcomercio.es\/reflexiones-de-belarmino\/wp-json\/wp\/v2\/posts\/33133"}],"collection":[{"href":"https:\/\/blogs.elcomercio.es\/reflexiones-de-belarmino\/wp-json\/wp\/v2\/posts"}],"about":[{"href":"https:\/\/blogs.elcomercio.es\/reflexiones-de-belarmino\/wp-json\/wp\/v2\/types\/post"}],"author":[{"embeddable":true,"href":"https:\/\/blogs.elcomercio.es\/reflexiones-de-belarmino\/wp-json\/wp\/v2\/users\/16"}],"replies":[{"embeddable":true,"href":"https:\/\/blogs.elcomercio.es\/reflexiones-de-belarmino\/wp-json\/wp\/v2\/comments?post=33133"}],"version-history":[{"count":3,"href":"https:\/\/blogs.elcomercio.es\/reflexiones-de-belarmino\/wp-json\/wp\/v2\/posts\/33133\/revisions"}],"predecessor-version":[{"id":33136,"href":"https:\/\/blogs.elcomercio.es\/reflexiones-de-belarmino\/wp-json\/wp\/v2\/posts\/33133\/revisions\/33136"}],"wp:attachment":[{"href":"https:\/\/blogs.elcomercio.es\/reflexiones-de-belarmino\/wp-json\/wp\/v2\/media?parent=33133"}],"wp:term":[{"taxonomy":"category","embeddable":true,"href":"https:\/\/blogs.elcomercio.es\/reflexiones-de-belarmino\/wp-json\/wp\/v2\/categories?post=33133"},{"taxonomy":"post_tag","embeddable":true,"href":"https:\/\/blogs.elcomercio.es\/reflexiones-de-belarmino\/wp-json\/wp\/v2\/tags?post=33133"}],"curies":[{"name":"wp","href":"https:\/\/api.w.org\/{rel}","templated":true}]}}