{"id":33312,"date":"2023-11-25T17:16:35","date_gmt":"2023-11-25T16:16:35","guid":{"rendered":"https:\/\/blogs.elcomercio.es\/reflexiones-de-belarmino\/?p=33312"},"modified":"2023-11-25T17:16:35","modified_gmt":"2023-11-25T16:16:35","slug":"un-fondo-de-inversiones-de-dinamarca-invertira-10000-millones-de-dolares-para-producir-hidrogeno-verde-en-el-itsmo","status":"publish","type":"post","link":"https:\/\/blogs.elcomercio.es\/reflexiones-de-belarmino\/2023\/11\/25\/un-fondo-de-inversiones-de-dinamarca-invertira-10000-millones-de-dolares-para-producir-hidrogeno-verde-en-el-itsmo\/","title":{"rendered":"\u00a1\u00a1\u00a1\u00a1UN FONDO DE INVERSIONES DE DINAMARCA INVERTIR\u00c1 10,000 MILLONES DE DOLARES PARA PRODUCIR HIDR\u00d3GENO VERDE EN EL ITSMO !!!"},"content":{"rendered":"<p><b>Es en el Itsmo de Tehuantepec, en Oaxaca, uno de los pilares del Corredor Trans oce\u00e1nico, en donde el presidente acaba de informar que un Fondo de Inversiones de Dinamarca va a invertir 10,000 millones de d\u00f3lares para producir HIDR\u00d3GENO\u00a0VERDE . Esta zona tendr\u00e1 un enorme movimiento en cuanto empieza a funcionar al Corredor, en ferrocarril\u00a0 con capacidad de transportar 1,500,000 millones de contenedores, en 6 horas y 10 minutos del Pac\u00edfico al Atl\u00e1ntico. Va a ser muy importante por que va a reemplazar a los combustibles f\u00f3siles de todo el movimiento Todas las embarcaciones ser\u00e1n nuevas.<\/b><\/p>\n<p><b>Como hemos informado en los 242 kil\u00f3metros del trayecto del ferrocarril, para carga\u00a0y para pasajeros, hay ya funcionando 5 de los 10 polos de desarrollo, donde con la soberan\u00eda del gobierno todas las empresas tendr\u00e1n electricidad, gasolina, fibra \u00f3ptica, y rebajas fiscales.<\/b><\/p>\n<p><strong>Posiblemente en los pr\u00f3ximos 10 a\u00f1os se convierta en el mayor corredor de\u00a0<\/strong><b>mercanc\u00edas, para conectar Asia, con Am\u00e9rica..<\/b><\/p>\n<p><b>Ah\u00ed estuvo siempre la idea, desde hace un siglo y media, dado que el puerto en el Pac\u00edfico con mayor profundidad es en Salina Cruz con 20 metros de profundidad,, pero el gobierno mexicano se opuso los franceses y norteamericanos para no dividir al pa\u00eds, y entonces surgi\u00f3 el Canal de Panam\u00e1.Pero aunque siempre estuvo la idea, s\u00f3lo ahora con la Cuarta Transformaci\u00f3n se materializ\u00f3, sin perderse un metro de\u00a0soberan\u00eda.<\/b><\/p>\n<!-- AddThis Advanced Settings generic via filter on the_content --><!-- AddThis Share Buttons generic via filter on the_content -->","protected":false},"excerpt":{"rendered":"<p>Es en el Itsmo de Tehuantepec, en Oaxaca, uno de los pilares del Corredor Trans oce\u00e1nico, en donde el presidente acaba de informar que un Fondo de Inversiones de Dinamarca va a invertir 10,000 millones de d\u00f3lares para producir HIDR\u00d3GENO\u00a0VERDE . Esta zona tendr\u00e1 un enorme movimiento en cuanto empieza a funcionar al Corredor, en [&hellip;]<!-- AddThis Advanced Settings generic via filter on get_the_excerpt --><!-- AddThis Share Buttons generic via filter on get_the_excerpt --><\/p>\n","protected":false},"author":16,"featured_media":0,"comment_status":"open","ping_status":"closed","sticky":false,"template":"","format":"standard","meta":[],"categories":[1],"tags":[],"_links":{"self":[{"href":"https:\/\/blogs.elcomercio.es\/reflexiones-de-belarmino\/wp-json\/wp\/v2\/posts\/33312"}],"collection":[{"href":"https:\/\/blogs.elcomercio.es\/reflexiones-de-belarmino\/wp-json\/wp\/v2\/posts"}],"about":[{"href":"https:\/\/blogs.elcomercio.es\/reflexiones-de-belarmino\/wp-json\/wp\/v2\/types\/post"}],"author":[{"embeddable":true,"href":"https:\/\/blogs.elcomercio.es\/reflexiones-de-belarmino\/wp-json\/wp\/v2\/users\/16"}],"replies":[{"embeddable":true,"href":"https:\/\/blogs.elcomercio.es\/reflexiones-de-belarmino\/wp-json\/wp\/v2\/comments?post=33312"}],"version-history":[{"count":2,"href":"https:\/\/blogs.elcomercio.es\/reflexiones-de-belarmino\/wp-json\/wp\/v2\/posts\/33312\/revisions"}],"predecessor-version":[{"id":33314,"href":"https:\/\/blogs.elcomercio.es\/reflexiones-de-belarmino\/wp-json\/wp\/v2\/posts\/33312\/revisions\/33314"}],"wp:attachment":[{"href":"https:\/\/blogs.elcomercio.es\/reflexiones-de-belarmino\/wp-json\/wp\/v2\/media?parent=33312"}],"wp:term":[{"taxonomy":"category","embeddable":true,"href":"https:\/\/blogs.elcomercio.es\/reflexiones-de-belarmino\/wp-json\/wp\/v2\/categories?post=33312"},{"taxonomy":"post_tag","embeddable":true,"href":"https:\/\/blogs.elcomercio.es\/reflexiones-de-belarmino\/wp-json\/wp\/v2\/tags?post=33312"}],"curies":[{"name":"wp","href":"https:\/\/api.w.org\/{rel}","templated":true}]}}