{"id":33354,"date":"2023-11-28T10:42:41","date_gmt":"2023-11-28T09:42:41","guid":{"rendered":"https:\/\/blogs.elcomercio.es\/reflexiones-de-belarmino\/?p=33354"},"modified":"2023-11-28T10:42:41","modified_gmt":"2023-11-28T09:42:41","slug":"elon-musk-recibido-en-israel-como-jefe-de-estado-entrega-el-control-de-sus-12000-satelites-a-israel","status":"publish","type":"post","link":"https:\/\/blogs.elcomercio.es\/reflexiones-de-belarmino\/2023\/11\/28\/elon-musk-recibido-en-israel-como-jefe-de-estado-entrega-el-control-de-sus-12000-satelites-a-israel\/","title":{"rendered":"\u00a1\u00a1\u00a1ELON MUSK, RECIBIDO EN ISRAEL COMO JEFE DE ESTADO ENTREGA EL CONTROL DE SUS 12,000 SAT\u00c9LITES A ISRAEL !!!"},"content":{"rendered":"<p><b>Elon Musk, para no aparecer como antisemita, negocios por delante, ayer se present\u00f3 en Tel Aviv donde fue recibido\u00a0con los honores a un Jefe\u00a0del Estado por Netanyahu. Iba a entregar el sistema de los 12,000 sat\u00e9lites\u00a0\u00a0que tiene a ras de la tierra a\u00a0 Israel, que hab\u00eda dado a Ucrania, pero cuidando no provocando a Rusia. Pero como Palestina no es Rusia, ayer se abri\u00f3 en canal de su realidad. El hombre m\u00e1s rico del mundo incorporaba todo su poder a Israel para acabar con los palestinos.El se\u00f1or de la X, es ese ciudadano.<\/b><\/p>\n<p><b>As\u00ed\u00a0quedar\u00e1 en la historia. Pese a todo, el pueblo musulm\u00e1n, no sus dirigente despreciables, estar\u00e1n\u00a0tomando nota, cara al futuro.<\/b><\/p>\n<p>&nbsp;<\/p>\n<!-- AddThis Advanced Settings generic via filter on the_content --><!-- AddThis Share Buttons generic via filter on the_content -->","protected":false},"excerpt":{"rendered":"<p>Elon Musk, para no aparecer como antisemita, negocios por delante, ayer se present\u00f3 en Tel Aviv donde fue recibido\u00a0con los honores a un Jefe\u00a0del Estado por Netanyahu. Iba a entregar el sistema de los 12,000 sat\u00e9lites\u00a0\u00a0que tiene a ras de la tierra a\u00a0 Israel, que hab\u00eda dado a Ucrania, pero cuidando no provocando a Rusia. [&hellip;]<!-- AddThis Advanced Settings generic via filter on get_the_excerpt --><!-- AddThis Share Buttons generic via filter on get_the_excerpt --><\/p>\n","protected":false},"author":16,"featured_media":0,"comment_status":"open","ping_status":"closed","sticky":false,"template":"","format":"standard","meta":[],"categories":[1],"tags":[],"_links":{"self":[{"href":"https:\/\/blogs.elcomercio.es\/reflexiones-de-belarmino\/wp-json\/wp\/v2\/posts\/33354"}],"collection":[{"href":"https:\/\/blogs.elcomercio.es\/reflexiones-de-belarmino\/wp-json\/wp\/v2\/posts"}],"about":[{"href":"https:\/\/blogs.elcomercio.es\/reflexiones-de-belarmino\/wp-json\/wp\/v2\/types\/post"}],"author":[{"embeddable":true,"href":"https:\/\/blogs.elcomercio.es\/reflexiones-de-belarmino\/wp-json\/wp\/v2\/users\/16"}],"replies":[{"embeddable":true,"href":"https:\/\/blogs.elcomercio.es\/reflexiones-de-belarmino\/wp-json\/wp\/v2\/comments?post=33354"}],"version-history":[{"count":1,"href":"https:\/\/blogs.elcomercio.es\/reflexiones-de-belarmino\/wp-json\/wp\/v2\/posts\/33354\/revisions"}],"predecessor-version":[{"id":33355,"href":"https:\/\/blogs.elcomercio.es\/reflexiones-de-belarmino\/wp-json\/wp\/v2\/posts\/33354\/revisions\/33355"}],"wp:attachment":[{"href":"https:\/\/blogs.elcomercio.es\/reflexiones-de-belarmino\/wp-json\/wp\/v2\/media?parent=33354"}],"wp:term":[{"taxonomy":"category","embeddable":true,"href":"https:\/\/blogs.elcomercio.es\/reflexiones-de-belarmino\/wp-json\/wp\/v2\/categories?post=33354"},{"taxonomy":"post_tag","embeddable":true,"href":"https:\/\/blogs.elcomercio.es\/reflexiones-de-belarmino\/wp-json\/wp\/v2\/tags?post=33354"}],"curies":[{"name":"wp","href":"https:\/\/api.w.org\/{rel}","templated":true}]}}