{"id":33549,"date":"2023-12-08T18:05:30","date_gmt":"2023-12-08T17:05:30","guid":{"rendered":"https:\/\/blogs.elcomercio.es\/reflexiones-de-belarmino\/?p=33549"},"modified":"2023-12-08T18:05:30","modified_gmt":"2023-12-08T17:05:30","slug":"sismo-5-7-en-mexico-sin-novedades","status":"publish","type":"post","link":"https:\/\/blogs.elcomercio.es\/reflexiones-de-belarmino\/2023\/12\/08\/sismo-5-7-en-mexico-sin-novedades\/","title":{"rendered":"\u00a1\u00a1\u00a1\u00a1SISMO 5.7 EN MEXICO, SIN NOVEDADES!!!"},"content":{"rendered":"<p><b>Hoy se sinti\u00f3 en ciudad de M\u00e9xico un sismo de nivel 5.7, originado a 140 kms, en el estado de Puebla.No hay ning\u00fan\u00a0fallecido, ni da\u00f1os estructurales. Metro, aeropuerto y la ciudad funciona con normalidad. Hay una gran cultura en esa ciudad por sismos pasados y la alerta s\u00edsmica, que avisa 1 minuto antes de que se sienta en la ciudad, ya es parte del Adn de los habitantes\u00a0de la ciudad..Como en otros paises del mundo, como Jap\u00f3n, por ejemplo el tipo de construcciones ya llevan la fuerza para resistir y como en los huracanes o tifones, cada pais tiene sus niveles de preocupaci\u00f3n. M\u00e9xico, tierra de sismos(1985, 8.1 10,000 muertos) o de Huracanes, tienen programas muy avanzados hoy.<\/b><\/p>\n<!-- AddThis Advanced Settings generic via filter on the_content --><!-- AddThis Share Buttons generic via filter on the_content -->","protected":false},"excerpt":{"rendered":"<p>Hoy se sinti\u00f3 en ciudad de M\u00e9xico un sismo de nivel 5.7, originado a 140 kms, en el estado de Puebla.No hay ning\u00fan\u00a0fallecido, ni da\u00f1os estructurales. Metro, aeropuerto y la ciudad funciona con normalidad. Hay una gran cultura en esa ciudad por sismos pasados y la alerta s\u00edsmica, que avisa 1 minuto antes de que [&hellip;]<!-- AddThis Advanced Settings generic via filter on get_the_excerpt --><!-- AddThis Share Buttons generic via filter on get_the_excerpt --><\/p>\n","protected":false},"author":16,"featured_media":0,"comment_status":"open","ping_status":"closed","sticky":false,"template":"","format":"standard","meta":[],"categories":[1],"tags":[],"_links":{"self":[{"href":"https:\/\/blogs.elcomercio.es\/reflexiones-de-belarmino\/wp-json\/wp\/v2\/posts\/33549"}],"collection":[{"href":"https:\/\/blogs.elcomercio.es\/reflexiones-de-belarmino\/wp-json\/wp\/v2\/posts"}],"about":[{"href":"https:\/\/blogs.elcomercio.es\/reflexiones-de-belarmino\/wp-json\/wp\/v2\/types\/post"}],"author":[{"embeddable":true,"href":"https:\/\/blogs.elcomercio.es\/reflexiones-de-belarmino\/wp-json\/wp\/v2\/users\/16"}],"replies":[{"embeddable":true,"href":"https:\/\/blogs.elcomercio.es\/reflexiones-de-belarmino\/wp-json\/wp\/v2\/comments?post=33549"}],"version-history":[{"count":1,"href":"https:\/\/blogs.elcomercio.es\/reflexiones-de-belarmino\/wp-json\/wp\/v2\/posts\/33549\/revisions"}],"predecessor-version":[{"id":33550,"href":"https:\/\/blogs.elcomercio.es\/reflexiones-de-belarmino\/wp-json\/wp\/v2\/posts\/33549\/revisions\/33550"}],"wp:attachment":[{"href":"https:\/\/blogs.elcomercio.es\/reflexiones-de-belarmino\/wp-json\/wp\/v2\/media?parent=33549"}],"wp:term":[{"taxonomy":"category","embeddable":true,"href":"https:\/\/blogs.elcomercio.es\/reflexiones-de-belarmino\/wp-json\/wp\/v2\/categories?post=33549"},{"taxonomy":"post_tag","embeddable":true,"href":"https:\/\/blogs.elcomercio.es\/reflexiones-de-belarmino\/wp-json\/wp\/v2\/tags?post=33549"}],"curies":[{"name":"wp","href":"https:\/\/api.w.org\/{rel}","templated":true}]}}