{"id":33570,"date":"2023-12-10T11:37:18","date_gmt":"2023-12-10T10:37:18","guid":{"rendered":"https:\/\/blogs.elcomercio.es\/reflexiones-de-belarmino\/?p=33570"},"modified":"2023-12-10T11:37:18","modified_gmt":"2023-12-10T10:37:18","slug":"israel-lleva-a-gaza-al-borde-de-un-colapso-humanitario","status":"publish","type":"post","link":"https:\/\/blogs.elcomercio.es\/reflexiones-de-belarmino\/2023\/12\/10\/israel-lleva-a-gaza-al-borde-de-un-colapso-humanitario\/","title":{"rendered":"\u00a1\u00a1\u00a1\u00a1\u00a1ISRAEL LLEVA A GAZA AL BORDE DE UN COLAPSO HUMANITARIO !!!"},"content":{"rendered":"<p><strong>Ha sucedido a lo largo de los miles de a\u00f1os, pero nunca 8,000 millones de\u00a0 ciudadanos, por los medios de comunicaci\u00f3n , han sido testigos de ello, y como de nada vale el mundo ante las decisiones de aquel pueblo elegido, con al gran Imperio que vive de la guerra y los negocios de ella detr\u00e1s..Nunca tantos millones van a aislar a Israel y a Los Estados Unidos. Lo vivir\u00e1n sus hijos y nietos y m\u00e1s.. Nunca en su historia Israel ha retrocedido\u00a0 como en estos 75 a\u00f1os y estos dos meses.<\/strong><\/p>\n<!-- AddThis Advanced Settings generic via filter on the_content --><!-- AddThis Share Buttons generic via filter on the_content -->","protected":false},"excerpt":{"rendered":"<p>Ha sucedido a lo largo de los miles de a\u00f1os, pero nunca 8,000 millones de\u00a0 ciudadanos, por los medios de comunicaci\u00f3n , han sido testigos de ello, y como de nada vale el mundo ante las decisiones de aquel pueblo elegido, con al gran Imperio que vive de la guerra y los negocios de ella [&hellip;]<!-- AddThis Advanced Settings generic via filter on get_the_excerpt --><!-- AddThis Share Buttons generic via filter on get_the_excerpt --><\/p>\n","protected":false},"author":16,"featured_media":0,"comment_status":"open","ping_status":"closed","sticky":false,"template":"","format":"standard","meta":[],"categories":[1],"tags":[],"_links":{"self":[{"href":"https:\/\/blogs.elcomercio.es\/reflexiones-de-belarmino\/wp-json\/wp\/v2\/posts\/33570"}],"collection":[{"href":"https:\/\/blogs.elcomercio.es\/reflexiones-de-belarmino\/wp-json\/wp\/v2\/posts"}],"about":[{"href":"https:\/\/blogs.elcomercio.es\/reflexiones-de-belarmino\/wp-json\/wp\/v2\/types\/post"}],"author":[{"embeddable":true,"href":"https:\/\/blogs.elcomercio.es\/reflexiones-de-belarmino\/wp-json\/wp\/v2\/users\/16"}],"replies":[{"embeddable":true,"href":"https:\/\/blogs.elcomercio.es\/reflexiones-de-belarmino\/wp-json\/wp\/v2\/comments?post=33570"}],"version-history":[{"count":1,"href":"https:\/\/blogs.elcomercio.es\/reflexiones-de-belarmino\/wp-json\/wp\/v2\/posts\/33570\/revisions"}],"predecessor-version":[{"id":33571,"href":"https:\/\/blogs.elcomercio.es\/reflexiones-de-belarmino\/wp-json\/wp\/v2\/posts\/33570\/revisions\/33571"}],"wp:attachment":[{"href":"https:\/\/blogs.elcomercio.es\/reflexiones-de-belarmino\/wp-json\/wp\/v2\/media?parent=33570"}],"wp:term":[{"taxonomy":"category","embeddable":true,"href":"https:\/\/blogs.elcomercio.es\/reflexiones-de-belarmino\/wp-json\/wp\/v2\/categories?post=33570"},{"taxonomy":"post_tag","embeddable":true,"href":"https:\/\/blogs.elcomercio.es\/reflexiones-de-belarmino\/wp-json\/wp\/v2\/tags?post=33570"}],"curies":[{"name":"wp","href":"https:\/\/api.w.org\/{rel}","templated":true}]}}