{"id":33576,"date":"2023-12-10T16:47:02","date_gmt":"2023-12-10T15:47:02","guid":{"rendered":"https:\/\/blogs.elcomercio.es\/reflexiones-de-belarmino\/?p=33576"},"modified":"2023-12-10T16:47:02","modified_gmt":"2023-12-10T15:47:02","slug":"el-triangulo-de-oro-de-la-educacion-en-espana-asturias-castilla-leon-y-cantabria","status":"publish","type":"post","link":"https:\/\/blogs.elcomercio.es\/reflexiones-de-belarmino\/2023\/12\/10\/el-triangulo-de-oro-de-la-educacion-en-espana-asturias-castilla-leon-y-cantabria\/","title":{"rendered":"\u00a1\u00a1\u00a1\u00a1EL TRIANGULO DE ORO DE LA EDUCACI\u00d3N EN ESPA\u00d1A: ASTURIAS, CASTILLA -LE\u00d3N Y CANTABRIA !!"},"content":{"rendered":"<p><strong>Lo tenemos claro: &#8221; O estudiamos o no hay salida&#8221;. Por ello en el Informe PISA, las comunidades con mejores resultados en la educaci\u00f3n al frente de los mejores estudiantes est\u00e1n Asturias, Castilla-Le\u00f3n y Cantabria.<\/strong><\/p>\n<!-- AddThis Advanced Settings generic via filter on the_content --><!-- AddThis Share Buttons generic via filter on the_content -->","protected":false},"excerpt":{"rendered":"<p>Lo tenemos claro: &#8221; O estudiamos o no hay salida&#8221;. Por ello en el Informe PISA, las comunidades con mejores resultados en la educaci\u00f3n al frente de los mejores estudiantes est\u00e1n Asturias, Castilla-Le\u00f3n y Cantabria.<!-- AddThis Advanced Settings generic via filter on get_the_excerpt --><!-- AddThis Share Buttons generic via filter on get_the_excerpt --><\/p>\n","protected":false},"author":16,"featured_media":0,"comment_status":"open","ping_status":"closed","sticky":false,"template":"","format":"standard","meta":[],"categories":[1],"tags":[],"_links":{"self":[{"href":"https:\/\/blogs.elcomercio.es\/reflexiones-de-belarmino\/wp-json\/wp\/v2\/posts\/33576"}],"collection":[{"href":"https:\/\/blogs.elcomercio.es\/reflexiones-de-belarmino\/wp-json\/wp\/v2\/posts"}],"about":[{"href":"https:\/\/blogs.elcomercio.es\/reflexiones-de-belarmino\/wp-json\/wp\/v2\/types\/post"}],"author":[{"embeddable":true,"href":"https:\/\/blogs.elcomercio.es\/reflexiones-de-belarmino\/wp-json\/wp\/v2\/users\/16"}],"replies":[{"embeddable":true,"href":"https:\/\/blogs.elcomercio.es\/reflexiones-de-belarmino\/wp-json\/wp\/v2\/comments?post=33576"}],"version-history":[{"count":2,"href":"https:\/\/blogs.elcomercio.es\/reflexiones-de-belarmino\/wp-json\/wp\/v2\/posts\/33576\/revisions"}],"predecessor-version":[{"id":33578,"href":"https:\/\/blogs.elcomercio.es\/reflexiones-de-belarmino\/wp-json\/wp\/v2\/posts\/33576\/revisions\/33578"}],"wp:attachment":[{"href":"https:\/\/blogs.elcomercio.es\/reflexiones-de-belarmino\/wp-json\/wp\/v2\/media?parent=33576"}],"wp:term":[{"taxonomy":"category","embeddable":true,"href":"https:\/\/blogs.elcomercio.es\/reflexiones-de-belarmino\/wp-json\/wp\/v2\/categories?post=33576"},{"taxonomy":"post_tag","embeddable":true,"href":"https:\/\/blogs.elcomercio.es\/reflexiones-de-belarmino\/wp-json\/wp\/v2\/tags?post=33576"}],"curies":[{"name":"wp","href":"https:\/\/api.w.org\/{rel}","templated":true}]}}