{"id":33579,"date":"2023-12-10T17:12:39","date_gmt":"2023-12-10T16:12:39","guid":{"rendered":"https:\/\/blogs.elcomercio.es\/reflexiones-de-belarmino\/?p=33579"},"modified":"2023-12-10T17:12:39","modified_gmt":"2023-12-10T16:12:39","slug":"a-40-kms-de-donde-estaria-el-presidente-ayer-el-pueblo-irritado-se-lanzo-contra-los-narcos-de-la-familia-michoacana-violentamente-14-muertos","status":"publish","type":"post","link":"https:\/\/blogs.elcomercio.es\/reflexiones-de-belarmino\/2023\/12\/10\/a-40-kms-de-donde-estaria-el-presidente-ayer-el-pueblo-irritado-se-lanzo-contra-los-narcos-de-la-familia-michoacana-violentamente-14-muertos\/","title":{"rendered":"\u00a1\u00a1\u00a1\u00a1A 40 KMS DE DONDE ESTAR\u00cdA EL PRESIDENTE AYER, EL PUEBLO IRRITADO  SE LANZ\u00d3 CONTRA LOS  NARCOS DE LA &#8220;FAMILIA MICHOACANA&#8221; VIOLENTAMENTE. 14 MUERTOS !!!"},"content":{"rendered":"<p><b>Surgida en la tierra del ex presidente Felipe Calder\u00f3n, surgi\u00f3 la Familia\u00a0Michoacana, en aquellos momentos de aciagos del esplendor de los Carteles\u00a0 \u00a0creados y amparadas por Carlos Salinas de Gortari, Ernesto Zedillo, Vicente Fox, Felipe Calder\u00f3n y Enrique Pe\u00f1a Nieto. Un d\u00eda antes del acto del presidente L\u00f3pez Obrador, a 40 kms de ah\u00ed\u00a0 en el poblado de Tecaxtitl\u00e1n, cansado de la extorsi\u00f3n, sus habitantes ciados por el Cartel\u00a0para el pago por metro cuadrado de siembra, se organiz\u00f3, los rode\u00f3 y se tom\u00f3 justicia por su cuenta, en forma tan violenta, para que nadie olvide lo que es el M\u00e9xico Bronco. Mataron a 14 personas, pero luego quemaron los cuerpos, veh\u00edculos\u00a0y todo lo que haba\u00a0alrededor.<\/b><\/p>\n<p><b>L\u00f3pez Obrador mantuvo su acto con la gobernadora en el estado de M\u00e9xico, con fuerte presencia del Ejercito y la Guardia\u00a0Nacional y tras el acto se present\u00f3 en el pueblo, he hizo un llamado a que &#8221; gobierno\u00a0y pueblo no permitamos que nos extorsionen &#8220;<\/b><\/p>\n<p><strong>Y Calder\u00f3n sigue gozando la buena vida espa\u00f1ola, protegido por Jos\u00e9 Mar\u00eda Aznar.<\/strong><\/p>\n<!-- AddThis Advanced Settings generic via filter on the_content --><!-- AddThis Share Buttons generic via filter on the_content -->","protected":false},"excerpt":{"rendered":"<p>Surgida en la tierra del ex presidente Felipe Calder\u00f3n, surgi\u00f3 la Familia\u00a0Michoacana, en aquellos momentos de aciagos del esplendor de los Carteles\u00a0 \u00a0creados y amparadas por Carlos Salinas de Gortari, Ernesto Zedillo, Vicente Fox, Felipe Calder\u00f3n y Enrique Pe\u00f1a Nieto. Un d\u00eda antes del acto del presidente L\u00f3pez Obrador, a 40 kms de ah\u00ed\u00a0 en [&hellip;]<!-- AddThis Advanced Settings generic via filter on get_the_excerpt --><!-- AddThis Share Buttons generic via filter on get_the_excerpt --><\/p>\n","protected":false},"author":16,"featured_media":0,"comment_status":"open","ping_status":"closed","sticky":false,"template":"","format":"standard","meta":[],"categories":[1],"tags":[],"_links":{"self":[{"href":"https:\/\/blogs.elcomercio.es\/reflexiones-de-belarmino\/wp-json\/wp\/v2\/posts\/33579"}],"collection":[{"href":"https:\/\/blogs.elcomercio.es\/reflexiones-de-belarmino\/wp-json\/wp\/v2\/posts"}],"about":[{"href":"https:\/\/blogs.elcomercio.es\/reflexiones-de-belarmino\/wp-json\/wp\/v2\/types\/post"}],"author":[{"embeddable":true,"href":"https:\/\/blogs.elcomercio.es\/reflexiones-de-belarmino\/wp-json\/wp\/v2\/users\/16"}],"replies":[{"embeddable":true,"href":"https:\/\/blogs.elcomercio.es\/reflexiones-de-belarmino\/wp-json\/wp\/v2\/comments?post=33579"}],"version-history":[{"count":2,"href":"https:\/\/blogs.elcomercio.es\/reflexiones-de-belarmino\/wp-json\/wp\/v2\/posts\/33579\/revisions"}],"predecessor-version":[{"id":33581,"href":"https:\/\/blogs.elcomercio.es\/reflexiones-de-belarmino\/wp-json\/wp\/v2\/posts\/33579\/revisions\/33581"}],"wp:attachment":[{"href":"https:\/\/blogs.elcomercio.es\/reflexiones-de-belarmino\/wp-json\/wp\/v2\/media?parent=33579"}],"wp:term":[{"taxonomy":"category","embeddable":true,"href":"https:\/\/blogs.elcomercio.es\/reflexiones-de-belarmino\/wp-json\/wp\/v2\/categories?post=33579"},{"taxonomy":"post_tag","embeddable":true,"href":"https:\/\/blogs.elcomercio.es\/reflexiones-de-belarmino\/wp-json\/wp\/v2\/tags?post=33579"}],"curies":[{"name":"wp","href":"https:\/\/api.w.org\/{rel}","templated":true}]}}