{"id":33582,"date":"2023-12-10T17:32:37","date_gmt":"2023-12-10T16:32:37","guid":{"rendered":"https:\/\/blogs.elcomercio.es\/reflexiones-de-belarmino\/?p=33582"},"modified":"2023-12-10T17:32:37","modified_gmt":"2023-12-10T16:32:37","slug":"biden-envia-los-primeros-14000-de-45000-proyectiles-de-tanques-a-israel-sin-autorizacion-del-congreso","status":"publish","type":"post","link":"https:\/\/blogs.elcomercio.es\/reflexiones-de-belarmino\/2023\/12\/10\/biden-envia-los-primeros-14000-de-45000-proyectiles-de-tanques-a-israel-sin-autorizacion-del-congreso\/","title":{"rendered":"\u00a1\u00a1\u00a1\u00a1BIDEN ENV\u00cdA LOS PRIMEROS 14,000 DE 45,000 PROYECTILES DE TANQUES A ISRAEL SIN AUTORIZACI\u00d3N DEL CONGRESO !!!"},"content":{"rendered":"<p><b>El presidente de Estados Unidos que vet\u00f3 el alto al fuego pedido por los ataques de\u00a0 por todo el mundo en el Consejo de Seguridad,por los ataques, ya atroces, contra la poblaci\u00f3n de Gaza, acaba de autorizar hoy el envi\u00f3\u00a0de 14,000 proyectiles de tanques a Israel SIN AUTORIZACI\u00d3N\u00a0DEL CONGRESO.Forma parte de un paquete de 45,000 proyectiles para tanques M830A1, de 120 mm, de alta explosividad.<\/b><\/p>\n<!-- AddThis Advanced Settings generic via filter on the_content --><!-- AddThis Share Buttons generic via filter on the_content -->","protected":false},"excerpt":{"rendered":"<p>El presidente de Estados Unidos que vet\u00f3 el alto al fuego pedido por los ataques de\u00a0 por todo el mundo en el Consejo de Seguridad,por los ataques, ya atroces, contra la poblaci\u00f3n de Gaza, acaba de autorizar hoy el envi\u00f3\u00a0de 14,000 proyectiles de tanques a Israel SIN AUTORIZACI\u00d3N\u00a0DEL CONGRESO.Forma parte de un paquete de 45,000 [&hellip;]<!-- AddThis Advanced Settings generic via filter on get_the_excerpt --><!-- AddThis Share Buttons generic via filter on get_the_excerpt --><\/p>\n","protected":false},"author":16,"featured_media":0,"comment_status":"open","ping_status":"closed","sticky":false,"template":"","format":"standard","meta":[],"categories":[1],"tags":[],"_links":{"self":[{"href":"https:\/\/blogs.elcomercio.es\/reflexiones-de-belarmino\/wp-json\/wp\/v2\/posts\/33582"}],"collection":[{"href":"https:\/\/blogs.elcomercio.es\/reflexiones-de-belarmino\/wp-json\/wp\/v2\/posts"}],"about":[{"href":"https:\/\/blogs.elcomercio.es\/reflexiones-de-belarmino\/wp-json\/wp\/v2\/types\/post"}],"author":[{"embeddable":true,"href":"https:\/\/blogs.elcomercio.es\/reflexiones-de-belarmino\/wp-json\/wp\/v2\/users\/16"}],"replies":[{"embeddable":true,"href":"https:\/\/blogs.elcomercio.es\/reflexiones-de-belarmino\/wp-json\/wp\/v2\/comments?post=33582"}],"version-history":[{"count":2,"href":"https:\/\/blogs.elcomercio.es\/reflexiones-de-belarmino\/wp-json\/wp\/v2\/posts\/33582\/revisions"}],"predecessor-version":[{"id":33584,"href":"https:\/\/blogs.elcomercio.es\/reflexiones-de-belarmino\/wp-json\/wp\/v2\/posts\/33582\/revisions\/33584"}],"wp:attachment":[{"href":"https:\/\/blogs.elcomercio.es\/reflexiones-de-belarmino\/wp-json\/wp\/v2\/media?parent=33582"}],"wp:term":[{"taxonomy":"category","embeddable":true,"href":"https:\/\/blogs.elcomercio.es\/reflexiones-de-belarmino\/wp-json\/wp\/v2\/categories?post=33582"},{"taxonomy":"post_tag","embeddable":true,"href":"https:\/\/blogs.elcomercio.es\/reflexiones-de-belarmino\/wp-json\/wp\/v2\/tags?post=33582"}],"curies":[{"name":"wp","href":"https:\/\/api.w.org\/{rel}","templated":true}]}}