{"id":33607,"date":"2023-12-12T12:30:02","date_gmt":"2023-12-12T11:30:02","guid":{"rendered":"https:\/\/blogs.elcomercio.es\/reflexiones-de-belarmino\/?p=33607"},"modified":"2023-12-12T12:30:02","modified_gmt":"2023-12-12T11:30:02","slug":"estamos-estirando-demasiado-la-liga-que-pasaria-si-les-pasase-algo-a-sanchez-o-abascal","status":"publish","type":"post","link":"https:\/\/blogs.elcomercio.es\/reflexiones-de-belarmino\/2023\/12\/12\/estamos-estirando-demasiado-la-liga-que-pasaria-si-les-pasase-algo-a-sanchez-o-abascal\/","title":{"rendered":"\u00a1\u00a1\u00a1ESTAMOS ESTIRANDO DEMASIADO LA LIGA. \u00bf QUE PASAR\u00cdA SI LES PASASE ALGO A SANCHEZ O ABASCAL !!!"},"content":{"rendered":"<p><strong>Mantenemos la duda desde el primer d\u00eda. El ataque a Vidal Quadras, no fue cosa de los iranies, sino una acci\u00f3n interna\u00a0 para alarmar, cuidando de que no pudiera morir. Sonaba extra\u00f1o, pero qued\u00f3 en nada.No es tan sencillo, aquello pudo haber sido un alerta de como se manipulan las conciencias cuando, se quiere terminar a cualquier costo con lo que no se quiere. Espa\u00f1a, tiene una larga historia.<\/strong><\/p>\n<p><b>En este ambiente de crispaci\u00f3n, con un fascista como Abascal que se atreve en su cancha,Argentina, con sus &#8220;cuates&#8221; los Milei, el decir &#8221; que Sanchez terminara\u00a0como Mussolini, colgado de los\u00a0pies&#8221;, es de extrema gravedad.<\/b><\/p>\n<p><strong>Alertamos, entre fiesta y fiesta, puente, rebajas, navidades, nuevos puentes se tiene a la poblaci\u00f3n pensando en ello, y sino para eso est\u00e1 Mediaset que con su &#8220;telebasura&#8221;, adormece y mediatiza a millones todos los d\u00edas, crean el clima propicio, para que un d\u00eda, el espa\u00f1ol diga, ante una tragedia&#8230;..\u00a1\u00a1\u00a1Que, que&#8230;., \u00bfesto como surgi\u00f3?!!!<\/strong><\/p>\n<!-- AddThis Advanced Settings generic via filter on the_content --><!-- AddThis Share Buttons generic via filter on the_content -->","protected":false},"excerpt":{"rendered":"<p>Mantenemos la duda desde el primer d\u00eda. El ataque a Vidal Quadras, no fue cosa de los iranies, sino una acci\u00f3n interna\u00a0 para alarmar, cuidando de que no pudiera morir. Sonaba extra\u00f1o, pero qued\u00f3 en nada.No es tan sencillo, aquello pudo haber sido un alerta de como se manipulan las conciencias cuando, se quiere terminar [&hellip;]<!-- AddThis Advanced Settings generic via filter on get_the_excerpt --><!-- AddThis Share Buttons generic via filter on get_the_excerpt --><\/p>\n","protected":false},"author":16,"featured_media":0,"comment_status":"open","ping_status":"closed","sticky":false,"template":"","format":"standard","meta":[],"categories":[1],"tags":[],"_links":{"self":[{"href":"https:\/\/blogs.elcomercio.es\/reflexiones-de-belarmino\/wp-json\/wp\/v2\/posts\/33607"}],"collection":[{"href":"https:\/\/blogs.elcomercio.es\/reflexiones-de-belarmino\/wp-json\/wp\/v2\/posts"}],"about":[{"href":"https:\/\/blogs.elcomercio.es\/reflexiones-de-belarmino\/wp-json\/wp\/v2\/types\/post"}],"author":[{"embeddable":true,"href":"https:\/\/blogs.elcomercio.es\/reflexiones-de-belarmino\/wp-json\/wp\/v2\/users\/16"}],"replies":[{"embeddable":true,"href":"https:\/\/blogs.elcomercio.es\/reflexiones-de-belarmino\/wp-json\/wp\/v2\/comments?post=33607"}],"version-history":[{"count":2,"href":"https:\/\/blogs.elcomercio.es\/reflexiones-de-belarmino\/wp-json\/wp\/v2\/posts\/33607\/revisions"}],"predecessor-version":[{"id":33609,"href":"https:\/\/blogs.elcomercio.es\/reflexiones-de-belarmino\/wp-json\/wp\/v2\/posts\/33607\/revisions\/33609"}],"wp:attachment":[{"href":"https:\/\/blogs.elcomercio.es\/reflexiones-de-belarmino\/wp-json\/wp\/v2\/media?parent=33607"}],"wp:term":[{"taxonomy":"category","embeddable":true,"href":"https:\/\/blogs.elcomercio.es\/reflexiones-de-belarmino\/wp-json\/wp\/v2\/categories?post=33607"},{"taxonomy":"post_tag","embeddable":true,"href":"https:\/\/blogs.elcomercio.es\/reflexiones-de-belarmino\/wp-json\/wp\/v2\/tags?post=33607"}],"curies":[{"name":"wp","href":"https:\/\/api.w.org\/{rel}","templated":true}]}}