{"id":33612,"date":"2023-12-12T18:00:05","date_gmt":"2023-12-12T17:00:05","guid":{"rendered":"https:\/\/blogs.elcomercio.es\/reflexiones-de-belarmino\/?p=33612"},"modified":"2023-12-12T18:00:05","modified_gmt":"2023-12-12T17:00:05","slug":"no-solo-asegurada-la-mayoria-sino-que-todos-los-grupos-oxigenan-a-la-camara-y-aislan-al-pp-y-un-furioso-vox","status":"publish","type":"post","link":"https:\/\/blogs.elcomercio.es\/reflexiones-de-belarmino\/2023\/12\/12\/no-solo-asegurada-la-mayoria-sino-que-todos-los-grupos-oxigenan-a-la-camara-y-aislan-al-pp-y-un-furioso-vox\/","title":{"rendered":"\u00a1\u00a1\u00a1NO SOLO ASEGURADA LA MAYOR\u00cdA, SINO QUE TODOS LOS GRUPOS OXIGENAN  A LA C\u00c1MARA Y AISLAN AL PP Y UN FURIOSO VOX!!!! !!!"},"content":{"rendered":"<p><b>No s\u00f3lo es haber logrado la mayor\u00eda\u00a0en Ley de Amnist\u00eda, sino que en las intervenciones de todos los partidos de la Coalici\u00f3n Progresista, dejaron claro\u00a0, para quienes ten\u00edan dudas, no solo\u00a0 de la legalidad sino la importancia de la Amnist\u00eda para reconducir un problema pol\u00edtico , convertido por ello en judiciales<\/b><b>\u00a0todav\u00eda en sus manos ilegalmente tras lo \u00fanico que tiene la derecha y el fascismo\u00a0espa\u00f1ol,sin argumentos: el ruido, la amenaza y alzar la voz.<\/b><\/p>\n<p><b>Si no fuera as\u00ed, tambi\u00e9n lo dir\u00edamos.<\/b><\/p>\n<p><b>Hoy con una frescura, notable en la representante\u00a0de Sumar, de\u00a0 Podem, una joven clara, concisa, al fondo del problema, se sinti\u00f3 la oxigenaci\u00f3n del Congreso, y mostr\u00f3 que la mayor\u00eda social terminar\u00e1\u00a0la Legislatura, y no s\u00f3lo por que la \u00fanica alternativa es el PP y VOX, donde hoy Abascal furioso se le lanz\u00f3 a la yugular a Feij\u00f3o, para alivio de \u00e9ste, tras desmarcarse hoy de la frase de Buenos Aires.<\/b><\/p>\n<p><strong>Hoy Feij\u00f3o acord\u00f3 con el PSOE cambios sin consultar a Abascal y sus 33.<\/strong><\/p>\n<p><strong>Abascal, no tiene ni idea de como va a terminar Argentina.Buena pareja, \u00e9l y Milei.<\/strong><\/p>\n<p>&nbsp;<\/p>\n<p>&nbsp;<\/p>\n<p>&nbsp;<\/p>\n<!-- AddThis Advanced Settings generic via filter on the_content --><!-- AddThis Share Buttons generic via filter on the_content -->","protected":false},"excerpt":{"rendered":"<p>No s\u00f3lo es haber logrado la mayor\u00eda\u00a0en Ley de Amnist\u00eda, sino que en las intervenciones de todos los partidos de la Coalici\u00f3n Progresista, dejaron claro\u00a0, para quienes ten\u00edan dudas, no solo\u00a0 de la legalidad sino la importancia de la Amnist\u00eda para reconducir un problema pol\u00edtico , convertido por ello en judiciales\u00a0todav\u00eda en sus manos ilegalmente [&hellip;]<!-- AddThis Advanced Settings generic via filter on get_the_excerpt --><!-- AddThis Share Buttons generic via filter on get_the_excerpt --><\/p>\n","protected":false},"author":16,"featured_media":0,"comment_status":"open","ping_status":"closed","sticky":false,"template":"","format":"standard","meta":[],"categories":[1],"tags":[],"_links":{"self":[{"href":"https:\/\/blogs.elcomercio.es\/reflexiones-de-belarmino\/wp-json\/wp\/v2\/posts\/33612"}],"collection":[{"href":"https:\/\/blogs.elcomercio.es\/reflexiones-de-belarmino\/wp-json\/wp\/v2\/posts"}],"about":[{"href":"https:\/\/blogs.elcomercio.es\/reflexiones-de-belarmino\/wp-json\/wp\/v2\/types\/post"}],"author":[{"embeddable":true,"href":"https:\/\/blogs.elcomercio.es\/reflexiones-de-belarmino\/wp-json\/wp\/v2\/users\/16"}],"replies":[{"embeddable":true,"href":"https:\/\/blogs.elcomercio.es\/reflexiones-de-belarmino\/wp-json\/wp\/v2\/comments?post=33612"}],"version-history":[{"count":2,"href":"https:\/\/blogs.elcomercio.es\/reflexiones-de-belarmino\/wp-json\/wp\/v2\/posts\/33612\/revisions"}],"predecessor-version":[{"id":33614,"href":"https:\/\/blogs.elcomercio.es\/reflexiones-de-belarmino\/wp-json\/wp\/v2\/posts\/33612\/revisions\/33614"}],"wp:attachment":[{"href":"https:\/\/blogs.elcomercio.es\/reflexiones-de-belarmino\/wp-json\/wp\/v2\/media?parent=33612"}],"wp:term":[{"taxonomy":"category","embeddable":true,"href":"https:\/\/blogs.elcomercio.es\/reflexiones-de-belarmino\/wp-json\/wp\/v2\/categories?post=33612"},{"taxonomy":"post_tag","embeddable":true,"href":"https:\/\/blogs.elcomercio.es\/reflexiones-de-belarmino\/wp-json\/wp\/v2\/tags?post=33612"}],"curies":[{"name":"wp","href":"https:\/\/api.w.org\/{rel}","templated":true}]}}