{"id":33617,"date":"2023-12-12T18:23:26","date_gmt":"2023-12-12T17:23:26","guid":{"rendered":"https:\/\/blogs.elcomercio.es\/reflexiones-de-belarmino\/?p=33617"},"modified":"2023-12-12T18:23:26","modified_gmt":"2023-12-12T17:23:26","slug":"por-respeto-a-la-guadalupana-lopez-obrador-excepcional-mente-no-da-su-mananera-gran-factor-de-union-nacional-dice","status":"publish","type":"post","link":"https:\/\/blogs.elcomercio.es\/reflexiones-de-belarmino\/2023\/12\/12\/por-respeto-a-la-guadalupana-lopez-obrador-excepcional-mente-no-da-su-mananera-gran-factor-de-union-nacional-dice\/","title":{"rendered":"\u00a1\u00a1\u00a1\u00a1POR RESPETO A LA GUADALUPANA, LOPEZ OBRADOR, EXCEPCIONAL MENTE, NO DA SU MA\u00d1ANERA. GRAN FACTOR DE &#8220;UNI\u00d3N  NACIONAL&#8221; DICE !!"},"content":{"rendered":"<p><strong>Tiene el sentido del pueblo mexicano. Ayer dijo: &#8221; Los doy una buena noticia: ma\u00f1ana\u00a0 no habr\u00e1 Ma\u00f1anera. Es el d\u00eda de la Guadalupe, uno de los factores de maxima cohesi\u00f3n del pueblo mexicano &#8220;<\/strong><\/p>\n<!-- AddThis Advanced Settings generic via filter on the_content --><!-- AddThis Share Buttons generic via filter on the_content -->","protected":false},"excerpt":{"rendered":"<p>Tiene el sentido del pueblo mexicano. Ayer dijo: &#8221; Los doy una buena noticia: ma\u00f1ana\u00a0 no habr\u00e1 Ma\u00f1anera. Es el d\u00eda de la Guadalupe, uno de los factores de maxima cohesi\u00f3n del pueblo mexicano &#8220;<!-- AddThis Advanced Settings generic via filter on get_the_excerpt --><!-- AddThis Share Buttons generic via filter on get_the_excerpt --><\/p>\n","protected":false},"author":16,"featured_media":0,"comment_status":"open","ping_status":"closed","sticky":false,"template":"","format":"standard","meta":[],"categories":[1],"tags":[],"_links":{"self":[{"href":"https:\/\/blogs.elcomercio.es\/reflexiones-de-belarmino\/wp-json\/wp\/v2\/posts\/33617"}],"collection":[{"href":"https:\/\/blogs.elcomercio.es\/reflexiones-de-belarmino\/wp-json\/wp\/v2\/posts"}],"about":[{"href":"https:\/\/blogs.elcomercio.es\/reflexiones-de-belarmino\/wp-json\/wp\/v2\/types\/post"}],"author":[{"embeddable":true,"href":"https:\/\/blogs.elcomercio.es\/reflexiones-de-belarmino\/wp-json\/wp\/v2\/users\/16"}],"replies":[{"embeddable":true,"href":"https:\/\/blogs.elcomercio.es\/reflexiones-de-belarmino\/wp-json\/wp\/v2\/comments?post=33617"}],"version-history":[{"count":2,"href":"https:\/\/blogs.elcomercio.es\/reflexiones-de-belarmino\/wp-json\/wp\/v2\/posts\/33617\/revisions"}],"predecessor-version":[{"id":33619,"href":"https:\/\/blogs.elcomercio.es\/reflexiones-de-belarmino\/wp-json\/wp\/v2\/posts\/33617\/revisions\/33619"}],"wp:attachment":[{"href":"https:\/\/blogs.elcomercio.es\/reflexiones-de-belarmino\/wp-json\/wp\/v2\/media?parent=33617"}],"wp:term":[{"taxonomy":"category","embeddable":true,"href":"https:\/\/blogs.elcomercio.es\/reflexiones-de-belarmino\/wp-json\/wp\/v2\/categories?post=33617"},{"taxonomy":"post_tag","embeddable":true,"href":"https:\/\/blogs.elcomercio.es\/reflexiones-de-belarmino\/wp-json\/wp\/v2\/tags?post=33617"}],"curies":[{"name":"wp","href":"https:\/\/api.w.org\/{rel}","templated":true}]}}