{"id":33623,"date":"2023-12-13T11:03:56","date_gmt":"2023-12-13T10:03:56","guid":{"rendered":"https:\/\/blogs.elcomercio.es\/reflexiones-de-belarmino\/?p=33623"},"modified":"2023-12-13T11:03:56","modified_gmt":"2023-12-13T10:03:56","slug":"acuerdo-historico-en-la-cumbre-del-clima-abre-la-senda-para-dejar-los-combustibles-fosiles","status":"publish","type":"post","link":"https:\/\/blogs.elcomercio.es\/reflexiones-de-belarmino\/2023\/12\/13\/acuerdo-historico-en-la-cumbre-del-clima-abre-la-senda-para-dejar-los-combustibles-fosiles\/","title":{"rendered":"\u00a1\u00a1\u00a1ACUERDO HISTORICO EN LA CUMBRE DEL CLIMA. ABRE LA SENDA PARA DEJAR LOS COMBUSTIBLES F\u00d3SILES !!!"},"content":{"rendered":"<p><b>Por donde, en las \u00faltimas horas, en Dabui, los 200 paises llegaron a un acuerdo hist\u00f3rico, que abre el camino para dejar atr\u00e1s la era de los combustibles f\u00f3siles.Por primera vez se responsabiliza al Petroleo,al Carbon y al Gas de ser los culpables del Cambio Clim\u00e1tico. Triunfo\u00a0del jeque que presidi\u00f3. Nunca perdi\u00f3 la sonrisa: &#8221; D\u00e9jenme\u00a0de entrevistarme por que si no no acabamos bien y pronto &#8220;. Por donde. surge la\u00a0 primera soluci\u00f3n\u00a0 en favor de la lucha del Cambio Clim\u00e1tico en,&#8230;.. Emiratos \u00c1rabes\u00a0Unidos.<\/b><\/p>\n<!-- AddThis Advanced Settings generic via filter on the_content --><!-- AddThis Share Buttons generic via filter on the_content -->","protected":false},"excerpt":{"rendered":"<p>Por donde, en las \u00faltimas horas, en Dabui, los 200 paises llegaron a un acuerdo hist\u00f3rico, que abre el camino para dejar atr\u00e1s la era de los combustibles f\u00f3siles.Por primera vez se responsabiliza al Petroleo,al Carbon y al Gas de ser los culpables del Cambio Clim\u00e1tico. Triunfo\u00a0del jeque que presidi\u00f3. Nunca perdi\u00f3 la sonrisa: &#8221; [&hellip;]<!-- AddThis Advanced Settings generic via filter on get_the_excerpt --><!-- AddThis Share Buttons generic via filter on get_the_excerpt --><\/p>\n","protected":false},"author":16,"featured_media":0,"comment_status":"open","ping_status":"closed","sticky":false,"template":"","format":"standard","meta":[],"categories":[1],"tags":[],"_links":{"self":[{"href":"https:\/\/blogs.elcomercio.es\/reflexiones-de-belarmino\/wp-json\/wp\/v2\/posts\/33623"}],"collection":[{"href":"https:\/\/blogs.elcomercio.es\/reflexiones-de-belarmino\/wp-json\/wp\/v2\/posts"}],"about":[{"href":"https:\/\/blogs.elcomercio.es\/reflexiones-de-belarmino\/wp-json\/wp\/v2\/types\/post"}],"author":[{"embeddable":true,"href":"https:\/\/blogs.elcomercio.es\/reflexiones-de-belarmino\/wp-json\/wp\/v2\/users\/16"}],"replies":[{"embeddable":true,"href":"https:\/\/blogs.elcomercio.es\/reflexiones-de-belarmino\/wp-json\/wp\/v2\/comments?post=33623"}],"version-history":[{"count":2,"href":"https:\/\/blogs.elcomercio.es\/reflexiones-de-belarmino\/wp-json\/wp\/v2\/posts\/33623\/revisions"}],"predecessor-version":[{"id":33625,"href":"https:\/\/blogs.elcomercio.es\/reflexiones-de-belarmino\/wp-json\/wp\/v2\/posts\/33623\/revisions\/33625"}],"wp:attachment":[{"href":"https:\/\/blogs.elcomercio.es\/reflexiones-de-belarmino\/wp-json\/wp\/v2\/media?parent=33623"}],"wp:term":[{"taxonomy":"category","embeddable":true,"href":"https:\/\/blogs.elcomercio.es\/reflexiones-de-belarmino\/wp-json\/wp\/v2\/categories?post=33623"},{"taxonomy":"post_tag","embeddable":true,"href":"https:\/\/blogs.elcomercio.es\/reflexiones-de-belarmino\/wp-json\/wp\/v2\/tags?post=33623"}],"curies":[{"name":"wp","href":"https:\/\/api.w.org\/{rel}","templated":true}]}}