{"id":33626,"date":"2023-12-13T11:34:55","date_gmt":"2023-12-13T10:34:55","guid":{"rendered":"https:\/\/blogs.elcomercio.es\/reflexiones-de-belarmino\/?p=33626"},"modified":"2023-12-13T11:34:55","modified_gmt":"2023-12-13T10:34:55","slug":"160-paises-en-la-onu-a-favor-de-palestina-biden-alerta-a-netanyahu-crece-en-el-mundo-el-antisemitismo-cambien-de-gobierno","status":"publish","type":"post","link":"https:\/\/blogs.elcomercio.es\/reflexiones-de-belarmino\/2023\/12\/13\/160-paises-en-la-onu-a-favor-de-palestina-biden-alerta-a-netanyahu-crece-en-el-mundo-el-antisemitismo-cambien-de-gobierno\/","title":{"rendered":"\u00a1\u00a1\u00a1\u00a1160 PAISES EN LA ONU A FAVOR DE PALESTINA. BIDEN ALERTA A NETANYAHU:  &#8220;CRECE EN EL MUNDO EL ANTISEMITISMO, CAMBIEN DE GOBIERNO&#8221; !!!"},"content":{"rendered":"<p><b>Cada quien es due\u00f1o\u00a0de su propio destino, decimos. Aplicable a los seres humanos pero tambi\u00e9n a los paises. Gutierres no cedi\u00f3, y tras el veto de EU en el Consejo de Seguridad\u00a0ayer convoc\u00f3\u00a0 Asamblea General, todos los paises y por m\u00e1s de 160 paises\u00a0 se decidi\u00f3 un alto al fuego inmediato, reconocimiento de los 2 Estados y la condena a Hamas.<\/b><\/p>\n<p><b>Biden, con problemas\u00a0en su propio pa\u00eds, advirti\u00f3 a Israel de que crece el antisemitismo en el mundo y le pidi\u00f3 a Netanyahu que cambien de gobierno, mientras siguen arrasando Gaza, ante los ojos del mundo<\/b><\/p>\n<!-- AddThis Advanced Settings generic via filter on the_content --><!-- AddThis Share Buttons generic via filter on the_content -->","protected":false},"excerpt":{"rendered":"<p>Cada quien es due\u00f1o\u00a0de su propio destino, decimos. Aplicable a los seres humanos pero tambi\u00e9n a los paises. Gutierres no cedi\u00f3, y tras el veto de EU en el Consejo de Seguridad\u00a0ayer convoc\u00f3\u00a0 Asamblea General, todos los paises y por m\u00e1s de 160 paises\u00a0 se decidi\u00f3 un alto al fuego inmediato, reconocimiento de los 2 [&hellip;]<!-- AddThis Advanced Settings generic via filter on get_the_excerpt --><!-- AddThis Share Buttons generic via filter on get_the_excerpt --><\/p>\n","protected":false},"author":16,"featured_media":0,"comment_status":"open","ping_status":"closed","sticky":false,"template":"","format":"standard","meta":[],"categories":[1],"tags":[],"_links":{"self":[{"href":"https:\/\/blogs.elcomercio.es\/reflexiones-de-belarmino\/wp-json\/wp\/v2\/posts\/33626"}],"collection":[{"href":"https:\/\/blogs.elcomercio.es\/reflexiones-de-belarmino\/wp-json\/wp\/v2\/posts"}],"about":[{"href":"https:\/\/blogs.elcomercio.es\/reflexiones-de-belarmino\/wp-json\/wp\/v2\/types\/post"}],"author":[{"embeddable":true,"href":"https:\/\/blogs.elcomercio.es\/reflexiones-de-belarmino\/wp-json\/wp\/v2\/users\/16"}],"replies":[{"embeddable":true,"href":"https:\/\/blogs.elcomercio.es\/reflexiones-de-belarmino\/wp-json\/wp\/v2\/comments?post=33626"}],"version-history":[{"count":3,"href":"https:\/\/blogs.elcomercio.es\/reflexiones-de-belarmino\/wp-json\/wp\/v2\/posts\/33626\/revisions"}],"predecessor-version":[{"id":33629,"href":"https:\/\/blogs.elcomercio.es\/reflexiones-de-belarmino\/wp-json\/wp\/v2\/posts\/33626\/revisions\/33629"}],"wp:attachment":[{"href":"https:\/\/blogs.elcomercio.es\/reflexiones-de-belarmino\/wp-json\/wp\/v2\/media?parent=33626"}],"wp:term":[{"taxonomy":"category","embeddable":true,"href":"https:\/\/blogs.elcomercio.es\/reflexiones-de-belarmino\/wp-json\/wp\/v2\/categories?post=33626"},{"taxonomy":"post_tag","embeddable":true,"href":"https:\/\/blogs.elcomercio.es\/reflexiones-de-belarmino\/wp-json\/wp\/v2\/tags?post=33626"}],"curies":[{"name":"wp","href":"https:\/\/api.w.org\/{rel}","templated":true}]}}