{"id":33630,"date":"2023-12-13T11:40:57","date_gmt":"2023-12-13T10:40:57","guid":{"rendered":"https:\/\/blogs.elcomercio.es\/reflexiones-de-belarmino\/?p=33630"},"modified":"2023-12-13T11:40:57","modified_gmt":"2023-12-13T10:40:57","slug":"gelida-visita-a-washington-de-zelensy-el-congreso-no-le-dara-dinero-y-sera-su-fin","status":"publish","type":"post","link":"https:\/\/blogs.elcomercio.es\/reflexiones-de-belarmino\/2023\/12\/13\/gelida-visita-a-washington-de-zelensy-el-congreso-no-le-dara-dinero-y-sera-su-fin\/","title":{"rendered":"\u00a1\u00a1\u00a1\u00a1G\u00c9LIDA VISITA A WASHINGTON DE ZELENSY. EL CONGRESO NO LE DAR\u00c1 DINERO, Y SERA SU FIN !!! !!"},"content":{"rendered":"<p><b>Entusiasmado por el abrazo de Milei, lleg\u00f3 a Washington y se encontr\u00f3 con la g\u00e9lida\u00a0realidad\u00a0del clima de la capital de los EE:UU. Puertas abiertas siempree de Biden, pero los republicanos han decidido no dar un dolar m\u00e1s a Ucrania. Es el final de una cr\u00f3nica anunciada.<\/b><\/p>\n<!-- AddThis Advanced Settings generic via filter on the_content --><!-- AddThis Share Buttons generic via filter on the_content -->","protected":false},"excerpt":{"rendered":"<p>Entusiasmado por el abrazo de Milei, lleg\u00f3 a Washington y se encontr\u00f3 con la g\u00e9lida\u00a0realidad\u00a0del clima de la capital de los EE:UU. Puertas abiertas siempree de Biden, pero los republicanos han decidido no dar un dolar m\u00e1s a Ucrania. Es el final de una cr\u00f3nica anunciada.<!-- AddThis Advanced Settings generic via filter on get_the_excerpt --><!-- AddThis Share Buttons generic via filter on get_the_excerpt --><\/p>\n","protected":false},"author":16,"featured_media":0,"comment_status":"open","ping_status":"closed","sticky":false,"template":"","format":"standard","meta":[],"categories":[1],"tags":[],"_links":{"self":[{"href":"https:\/\/blogs.elcomercio.es\/reflexiones-de-belarmino\/wp-json\/wp\/v2\/posts\/33630"}],"collection":[{"href":"https:\/\/blogs.elcomercio.es\/reflexiones-de-belarmino\/wp-json\/wp\/v2\/posts"}],"about":[{"href":"https:\/\/blogs.elcomercio.es\/reflexiones-de-belarmino\/wp-json\/wp\/v2\/types\/post"}],"author":[{"embeddable":true,"href":"https:\/\/blogs.elcomercio.es\/reflexiones-de-belarmino\/wp-json\/wp\/v2\/users\/16"}],"replies":[{"embeddable":true,"href":"https:\/\/blogs.elcomercio.es\/reflexiones-de-belarmino\/wp-json\/wp\/v2\/comments?post=33630"}],"version-history":[{"count":1,"href":"https:\/\/blogs.elcomercio.es\/reflexiones-de-belarmino\/wp-json\/wp\/v2\/posts\/33630\/revisions"}],"predecessor-version":[{"id":33631,"href":"https:\/\/blogs.elcomercio.es\/reflexiones-de-belarmino\/wp-json\/wp\/v2\/posts\/33630\/revisions\/33631"}],"wp:attachment":[{"href":"https:\/\/blogs.elcomercio.es\/reflexiones-de-belarmino\/wp-json\/wp\/v2\/media?parent=33630"}],"wp:term":[{"taxonomy":"category","embeddable":true,"href":"https:\/\/blogs.elcomercio.es\/reflexiones-de-belarmino\/wp-json\/wp\/v2\/categories?post=33630"},{"taxonomy":"post_tag","embeddable":true,"href":"https:\/\/blogs.elcomercio.es\/reflexiones-de-belarmino\/wp-json\/wp\/v2\/tags?post=33630"}],"curies":[{"name":"wp","href":"https:\/\/api.w.org\/{rel}","templated":true}]}}