{"id":33632,"date":"2023-12-13T11:56:43","date_gmt":"2023-12-13T10:56:43","guid":{"rendered":"https:\/\/blogs.elcomercio.es\/reflexiones-de-belarmino\/?p=33632"},"modified":"2023-12-13T11:56:43","modified_gmt":"2023-12-13T10:56:43","slug":"argentina-ayer-peso-de-366-a-800-dolar-inflacion-142-deuda-45000-millones-pobreza-40-1-de-los-47-millones-empezo-el-ajuste","status":"publish","type":"post","link":"https:\/\/blogs.elcomercio.es\/reflexiones-de-belarmino\/2023\/12\/13\/argentina-ayer-peso-de-366-a-800-dolar-inflacion-142-deuda-45000-millones-pobreza-40-1-de-los-47-millones-empezo-el-ajuste\/","title":{"rendered":"\u00a1\u00a1\u00a1ARGENTINA AYER: PESO DE 366 A 800\/DOLAR.-INFLACI\u00d3N 142 %, DEUDA 45,000 MILLONES, POBREZA 40. 1 % DE LOS 47 MILLONES. EMPEZ\u00d3 EL AJUSTE !!!"},"content":{"rendered":"<p><b>Bien :Milei, empez\u00f3 ayer sus medidas de choque, y, de inmediato, el peso paso de 366 a 800 por dolar. El pa\u00eds tiene una inflaci\u00f3n\u00a0del 142 %, una deuda externa de 45,000 millones de d\u00f3lares y el 40.1 % de la poblaci\u00f3n(47 millones) en la pobreza.Se suspende toda obra p\u00fablica y vendr\u00e1 la venta de todos los activos del Estado y la perdida del empleo de millones<\/b><\/p>\n<!-- AddThis Advanced Settings generic via filter on the_content --><!-- AddThis Share Buttons generic via filter on the_content -->","protected":false},"excerpt":{"rendered":"<p>Bien :Milei, empez\u00f3 ayer sus medidas de choque, y, de inmediato, el peso paso de 366 a 800 por dolar. El pa\u00eds tiene una inflaci\u00f3n\u00a0del 142 %, una deuda externa de 45,000 millones de d\u00f3lares y el 40.1 % de la poblaci\u00f3n(47 millones) en la pobreza.Se suspende toda obra p\u00fablica y vendr\u00e1 la venta de [&hellip;]<!-- AddThis Advanced Settings generic via filter on get_the_excerpt --><!-- AddThis Share Buttons generic via filter on get_the_excerpt --><\/p>\n","protected":false},"author":16,"featured_media":0,"comment_status":"open","ping_status":"closed","sticky":false,"template":"","format":"standard","meta":[],"categories":[1],"tags":[],"_links":{"self":[{"href":"https:\/\/blogs.elcomercio.es\/reflexiones-de-belarmino\/wp-json\/wp\/v2\/posts\/33632"}],"collection":[{"href":"https:\/\/blogs.elcomercio.es\/reflexiones-de-belarmino\/wp-json\/wp\/v2\/posts"}],"about":[{"href":"https:\/\/blogs.elcomercio.es\/reflexiones-de-belarmino\/wp-json\/wp\/v2\/types\/post"}],"author":[{"embeddable":true,"href":"https:\/\/blogs.elcomercio.es\/reflexiones-de-belarmino\/wp-json\/wp\/v2\/users\/16"}],"replies":[{"embeddable":true,"href":"https:\/\/blogs.elcomercio.es\/reflexiones-de-belarmino\/wp-json\/wp\/v2\/comments?post=33632"}],"version-history":[{"count":1,"href":"https:\/\/blogs.elcomercio.es\/reflexiones-de-belarmino\/wp-json\/wp\/v2\/posts\/33632\/revisions"}],"predecessor-version":[{"id":33633,"href":"https:\/\/blogs.elcomercio.es\/reflexiones-de-belarmino\/wp-json\/wp\/v2\/posts\/33632\/revisions\/33633"}],"wp:attachment":[{"href":"https:\/\/blogs.elcomercio.es\/reflexiones-de-belarmino\/wp-json\/wp\/v2\/media?parent=33632"}],"wp:term":[{"taxonomy":"category","embeddable":true,"href":"https:\/\/blogs.elcomercio.es\/reflexiones-de-belarmino\/wp-json\/wp\/v2\/categories?post=33632"},{"taxonomy":"post_tag","embeddable":true,"href":"https:\/\/blogs.elcomercio.es\/reflexiones-de-belarmino\/wp-json\/wp\/v2\/tags?post=33632"}],"curies":[{"name":"wp","href":"https:\/\/api.w.org\/{rel}","templated":true}]}}