{"id":33634,"date":"2023-12-13T12:08:13","date_gmt":"2023-12-13T11:08:13","guid":{"rendered":"https:\/\/blogs.elcomercio.es\/reflexiones-de-belarmino\/?p=33634"},"modified":"2023-12-13T12:08:13","modified_gmt":"2023-12-13T11:08:13","slug":"financial-times-jennifer-hermoso-la-segunda-mujer-mas-influyente-del-mundo-en-2023","status":"publish","type":"post","link":"https:\/\/blogs.elcomercio.es\/reflexiones-de-belarmino\/2023\/12\/13\/financial-times-jennifer-hermoso-la-segunda-mujer-mas-influyente-del-mundo-en-2023\/","title":{"rendered":"\u00a1\u00a1\u00a1\u00a1FINANCIAL TIMES : &#8221; JENNIFER HERMOSO, LA SEGUNDA MUJER MAS INFLUYENTE DEL MUNDO EN 2023&#8243; !!!"},"content":{"rendered":"<p><b>En un grupo donde est\u00e1 Ursula Von der Leyen, Beyonce, entre otras, la jugadora espa\u00f1ola de f\u00fatbol, Jennifer Hermoso, el Financial Times, la consideran las\u00a0 2a.. mujer m\u00e1s influyente\u00a0del mundo en 2023, por su lucha. y repercusiones mundiales, en favor de la lucha de las mujeres.<\/b><\/p>\n<!-- AddThis Advanced Settings generic via filter on the_content --><!-- AddThis Share Buttons generic via filter on the_content -->","protected":false},"excerpt":{"rendered":"<p>En un grupo donde est\u00e1 Ursula Von der Leyen, Beyonce, entre otras, la jugadora espa\u00f1ola de f\u00fatbol, Jennifer Hermoso, el Financial Times, la consideran las\u00a0 2a.. mujer m\u00e1s influyente\u00a0del mundo en 2023, por su lucha. y repercusiones mundiales, en favor de la lucha de las mujeres.<!-- AddThis Advanced Settings generic via filter on get_the_excerpt --><!-- AddThis Share Buttons generic via filter on get_the_excerpt --><\/p>\n","protected":false},"author":16,"featured_media":0,"comment_status":"open","ping_status":"closed","sticky":false,"template":"","format":"standard","meta":[],"categories":[1],"tags":[],"_links":{"self":[{"href":"https:\/\/blogs.elcomercio.es\/reflexiones-de-belarmino\/wp-json\/wp\/v2\/posts\/33634"}],"collection":[{"href":"https:\/\/blogs.elcomercio.es\/reflexiones-de-belarmino\/wp-json\/wp\/v2\/posts"}],"about":[{"href":"https:\/\/blogs.elcomercio.es\/reflexiones-de-belarmino\/wp-json\/wp\/v2\/types\/post"}],"author":[{"embeddable":true,"href":"https:\/\/blogs.elcomercio.es\/reflexiones-de-belarmino\/wp-json\/wp\/v2\/users\/16"}],"replies":[{"embeddable":true,"href":"https:\/\/blogs.elcomercio.es\/reflexiones-de-belarmino\/wp-json\/wp\/v2\/comments?post=33634"}],"version-history":[{"count":1,"href":"https:\/\/blogs.elcomercio.es\/reflexiones-de-belarmino\/wp-json\/wp\/v2\/posts\/33634\/revisions"}],"predecessor-version":[{"id":33635,"href":"https:\/\/blogs.elcomercio.es\/reflexiones-de-belarmino\/wp-json\/wp\/v2\/posts\/33634\/revisions\/33635"}],"wp:attachment":[{"href":"https:\/\/blogs.elcomercio.es\/reflexiones-de-belarmino\/wp-json\/wp\/v2\/media?parent=33634"}],"wp:term":[{"taxonomy":"category","embeddable":true,"href":"https:\/\/blogs.elcomercio.es\/reflexiones-de-belarmino\/wp-json\/wp\/v2\/categories?post=33634"},{"taxonomy":"post_tag","embeddable":true,"href":"https:\/\/blogs.elcomercio.es\/reflexiones-de-belarmino\/wp-json\/wp\/v2\/tags?post=33634"}],"curies":[{"name":"wp","href":"https:\/\/api.w.org\/{rel}","templated":true}]}}