{"id":33636,"date":"2023-12-13T17:47:52","date_gmt":"2023-12-13T16:47:52","guid":{"rendered":"https:\/\/blogs.elcomercio.es\/reflexiones-de-belarmino\/?p=33636"},"modified":"2023-12-13T17:47:52","modified_gmt":"2023-12-13T16:47:52","slug":"al-jaber-sultan-en-emiratos-arabes-unidos-encabeza-el-final-de-las-energias-fosiles","status":"publish","type":"post","link":"https:\/\/blogs.elcomercio.es\/reflexiones-de-belarmino\/2023\/12\/13\/al-jaber-sultan-en-emiratos-arabes-unidos-encabeza-el-final-de-las-energias-fosiles\/","title":{"rendered":"\u00a1\u00a1\u00a1\u00a1AL JABER , SULT\u00c1N EN EMIRATOS \u00c1RABES UNIDOS , ENCABEZA EL FINAL DE LAS ENERG\u00cdAS   F\u00d3SILES  !!!!"},"content":{"rendered":"<p><b>Una vez m\u00e1s en la historia, el Islam, a trav\u00e9s del sult\u00e1n de Emiratos \u00c1rabes\u00a0Unidos AL JABER, ha logrado en la COP28, lo que\u00a0no hab\u00edamos\u00a0logrado antes en otras cumbres.Puestos en pie todos los delegados aplaud\u00edan el acuerdo final, que estuvo a apunto de naufragar por Arabia Saudita, poner nombre al problema y m\u00e9todo\u00a0para lograrlo, gracias al esfuerzo de este musulm\u00e1n\u00a0que tuvo\u00a0visi\u00f3n de futuro. Al Jaber<\/b><\/p>\n<p><b>Primero logr\u00f3 reunir, con sus recursos, a 80,000 delegados de los 200 paises del mundo.Y en lo que se esperaba\u00a0fuese la reuni\u00f3n\u00a0del fracaso, que incluso\u00a0ayer, al abandonar Kerry el responsable de EE:UU dec\u00eda que eran &#8220;bocazas&#8221;, tuvieron que aceptar que ayer fue una cita hist\u00f3rica. No se pon\u00edan\u00a0 fechas para disminuir los gases contaminante, Ayer se le puso nombro. PETROLEO, GAS Y COMBUSTIBLES FOSILES, hay que eliminarlos, e irlos substituyendo por ENERG\u00cdAS\u00a0LIMPIAS.<\/b><\/p>\n<p><b>En 10 a\u00f1os, hay que eliminar la mitad de le energ\u00eda f\u00f3siles\u00a0y paulatinamente, los procesos de substituci\u00f3n por energ\u00edas limpias, para que en 2050, no quede ninguna energ\u00eda\u00a0 de ese tipo..<\/b><\/p>\n<p><b>El m\u00e9rito: DARLE NOMBRE AL PROBLEMA REAL y no a sus consecuencias, y darnos a los seres humanos 30 a\u00f1os para encontrar, e inventar las energ\u00edas\u00a0necesarias, para seguir nuestro avance como genero humano y como lider de las especies animales y\u00a0 vegetales de nuestro planeta tierra, que nadie dudamos seamos capaces.<\/b><\/p>\n<p><b>A veces olvidamos lo que en 622 se logr\u00f3 con el surgimiento del Islam y como si hubo Renacimiento\u00a0fue\u00a0gracias a la que el Islam, no sepult\u00f3 a Grecia y a Roma. Mientras en Occidente\u00a0 era la Edad del Oscurantismo, y que Col\u00f3n pudo cruzar las columnas de Hercules cuando el encontr\u00f3 en Granada a aquel estudioso musulm\u00e1n, marginado, cuyas teor\u00edas coincid\u00edan\u00a0con las que hab\u00eda triado\u00a0Marco Polo de China,que la\u00a0tierra era redonda y adem\u00e1s por donde andaban\u00a0las corrientes..<\/b><\/p>\n<p>&nbsp;<\/p>\n<p>&nbsp;<\/p>\n<p>&nbsp;<\/p>\n<!-- AddThis Advanced Settings generic via filter on the_content --><!-- AddThis Share Buttons generic via filter on the_content -->","protected":false},"excerpt":{"rendered":"<p>Una vez m\u00e1s en la historia, el Islam, a trav\u00e9s del sult\u00e1n de Emiratos \u00c1rabes\u00a0Unidos AL JABER, ha logrado en la COP28, lo que\u00a0no hab\u00edamos\u00a0logrado antes en otras cumbres.Puestos en pie todos los delegados aplaud\u00edan el acuerdo final, que estuvo a apunto de naufragar por Arabia Saudita, poner nombre al problema y m\u00e9todo\u00a0para lograrlo, gracias [&hellip;]<!-- AddThis Advanced Settings generic via filter on get_the_excerpt --><!-- AddThis Share Buttons generic via filter on get_the_excerpt --><\/p>\n","protected":false},"author":16,"featured_media":0,"comment_status":"open","ping_status":"closed","sticky":false,"template":"","format":"standard","meta":[],"categories":[1],"tags":[],"_links":{"self":[{"href":"https:\/\/blogs.elcomercio.es\/reflexiones-de-belarmino\/wp-json\/wp\/v2\/posts\/33636"}],"collection":[{"href":"https:\/\/blogs.elcomercio.es\/reflexiones-de-belarmino\/wp-json\/wp\/v2\/posts"}],"about":[{"href":"https:\/\/blogs.elcomercio.es\/reflexiones-de-belarmino\/wp-json\/wp\/v2\/types\/post"}],"author":[{"embeddable":true,"href":"https:\/\/blogs.elcomercio.es\/reflexiones-de-belarmino\/wp-json\/wp\/v2\/users\/16"}],"replies":[{"embeddable":true,"href":"https:\/\/blogs.elcomercio.es\/reflexiones-de-belarmino\/wp-json\/wp\/v2\/comments?post=33636"}],"version-history":[{"count":4,"href":"https:\/\/blogs.elcomercio.es\/reflexiones-de-belarmino\/wp-json\/wp\/v2\/posts\/33636\/revisions"}],"predecessor-version":[{"id":33640,"href":"https:\/\/blogs.elcomercio.es\/reflexiones-de-belarmino\/wp-json\/wp\/v2\/posts\/33636\/revisions\/33640"}],"wp:attachment":[{"href":"https:\/\/blogs.elcomercio.es\/reflexiones-de-belarmino\/wp-json\/wp\/v2\/media?parent=33636"}],"wp:term":[{"taxonomy":"category","embeddable":true,"href":"https:\/\/blogs.elcomercio.es\/reflexiones-de-belarmino\/wp-json\/wp\/v2\/categories?post=33636"},{"taxonomy":"post_tag","embeddable":true,"href":"https:\/\/blogs.elcomercio.es\/reflexiones-de-belarmino\/wp-json\/wp\/v2\/tags?post=33636"}],"curies":[{"name":"wp","href":"https:\/\/api.w.org\/{rel}","templated":true}]}}