{"id":33664,"date":"2023-12-15T11:02:22","date_gmt":"2023-12-15T10:02:22","guid":{"rendered":"https:\/\/blogs.elcomercio.es\/reflexiones-de-belarmino\/?p=33664"},"modified":"2023-12-15T11:02:22","modified_gmt":"2023-12-15T10:02:22","slug":"la-guerra-continuara-hasta-la-victoria-absoluta-que-durara-meses-netanyahu-a-ee-uu","status":"publish","type":"post","link":"https:\/\/blogs.elcomercio.es\/reflexiones-de-belarmino\/2023\/12\/15\/la-guerra-continuara-hasta-la-victoria-absoluta-que-durara-meses-netanyahu-a-ee-uu\/","title":{"rendered":"\u00a1\u00a1\u00a1\u00a1&#8221; LA GUERRA CONTINUAR\u00c1 HASTA LA VICTORIA ABSOLUTA QUE DURAR\u00c1 MESES&#8221;: NETANYAHU A EE.UU !!"},"content":{"rendered":"<p><b>As\u00ed, seca, fue la respuesta, no al mundo, sino a su poderoso y \u00fanico aliado los Estados Unidos: &#8221; LA GUERRA CONTINUAR\u00c1 HASTA LA VICTORIA TOTAL Y DURARA TODAV\u00cdA\u00a0VARIOS MESES&#8221;.\u00bf Estar\u00e1 pensando en que llegue Trump.?<\/b><\/p>\n<!-- AddThis Advanced Settings generic via filter on the_content --><!-- AddThis Share Buttons generic via filter on the_content -->","protected":false},"excerpt":{"rendered":"<p>As\u00ed, seca, fue la respuesta, no al mundo, sino a su poderoso y \u00fanico aliado los Estados Unidos: &#8221; LA GUERRA CONTINUAR\u00c1 HASTA LA VICTORIA TOTAL Y DURARA TODAV\u00cdA\u00a0VARIOS MESES&#8221;.\u00bf Estar\u00e1 pensando en que llegue Trump.?<!-- AddThis Advanced Settings generic via filter on get_the_excerpt --><!-- AddThis Share Buttons generic via filter on get_the_excerpt --><\/p>\n","protected":false},"author":16,"featured_media":0,"comment_status":"open","ping_status":"closed","sticky":false,"template":"","format":"standard","meta":[],"categories":[1],"tags":[],"_links":{"self":[{"href":"https:\/\/blogs.elcomercio.es\/reflexiones-de-belarmino\/wp-json\/wp\/v2\/posts\/33664"}],"collection":[{"href":"https:\/\/blogs.elcomercio.es\/reflexiones-de-belarmino\/wp-json\/wp\/v2\/posts"}],"about":[{"href":"https:\/\/blogs.elcomercio.es\/reflexiones-de-belarmino\/wp-json\/wp\/v2\/types\/post"}],"author":[{"embeddable":true,"href":"https:\/\/blogs.elcomercio.es\/reflexiones-de-belarmino\/wp-json\/wp\/v2\/users\/16"}],"replies":[{"embeddable":true,"href":"https:\/\/blogs.elcomercio.es\/reflexiones-de-belarmino\/wp-json\/wp\/v2\/comments?post=33664"}],"version-history":[{"count":2,"href":"https:\/\/blogs.elcomercio.es\/reflexiones-de-belarmino\/wp-json\/wp\/v2\/posts\/33664\/revisions"}],"predecessor-version":[{"id":33666,"href":"https:\/\/blogs.elcomercio.es\/reflexiones-de-belarmino\/wp-json\/wp\/v2\/posts\/33664\/revisions\/33666"}],"wp:attachment":[{"href":"https:\/\/blogs.elcomercio.es\/reflexiones-de-belarmino\/wp-json\/wp\/v2\/media?parent=33664"}],"wp:term":[{"taxonomy":"category","embeddable":true,"href":"https:\/\/blogs.elcomercio.es\/reflexiones-de-belarmino\/wp-json\/wp\/v2\/categories?post=33664"},{"taxonomy":"post_tag","embeddable":true,"href":"https:\/\/blogs.elcomercio.es\/reflexiones-de-belarmino\/wp-json\/wp\/v2\/tags?post=33664"}],"curies":[{"name":"wp","href":"https:\/\/api.w.org\/{rel}","templated":true}]}}