{"id":33667,"date":"2023-12-15T11:59:40","date_gmt":"2023-12-15T10:59:40","guid":{"rendered":"https:\/\/blogs.elcomercio.es\/reflexiones-de-belarmino\/?p=33667"},"modified":"2023-12-15T11:59:40","modified_gmt":"2023-12-15T10:59:40","slug":"el-jaguar-rodante-con-sus-1554-kms-en-5-anos-se-inaugura-hoy","status":"publish","type":"post","link":"https:\/\/blogs.elcomercio.es\/reflexiones-de-belarmino\/2023\/12\/15\/el-jaguar-rodante-con-sus-1554-kms-en-5-anos-se-inaugura-hoy\/","title":{"rendered":"\u00a1\u00a1\u00a1\u00a1&#8221;EL JAGUAR RODANTE&#8221;, CON  SUS 1,554 KMS, EN 5 A\u00d1OS,  SE INAUGURA HOY !!!"},"content":{"rendered":"<p><b>El sue\u00f1o se cumpli\u00f3. En 5 a\u00f1os, se construy\u00f3 el Tren Maya, 1,554 kms conocido entre los ind\u00edgenas\u00a0como el &#8221; Jaguar Rodante&#8221;, que conectar\u00e1\u00a0todas la viejas ciudades mayas, en 5 estados desde la selva, en Palenque, hasta ele Caribe, en Tulum. Hoy se inaugura la ruta Campeche- Canc\u00fan. En marzo, el m\u00e1s complejo, Cancun,Tulum, Bacalar, Palenque(el m\u00e1s complejo por los intereses econ\u00f3mico\u00a0en juego. El pueblo triunf\u00f3).<\/b><\/p>\n<!-- AddThis Advanced Settings generic via filter on the_content --><!-- AddThis Share Buttons generic via filter on the_content -->","protected":false},"excerpt":{"rendered":"<p>El sue\u00f1o se cumpli\u00f3. En 5 a\u00f1os, se construy\u00f3 el Tren Maya, 1,554 kms conocido entre los ind\u00edgenas\u00a0como el &#8221; Jaguar Rodante&#8221;, que conectar\u00e1\u00a0todas la viejas ciudades mayas, en 5 estados desde la selva, en Palenque, hasta ele Caribe, en Tulum. Hoy se inaugura la ruta Campeche- Canc\u00fan. En marzo, el m\u00e1s complejo, Cancun,Tulum, Bacalar, [&hellip;]<!-- AddThis Advanced Settings generic via filter on get_the_excerpt --><!-- AddThis Share Buttons generic via filter on get_the_excerpt --><\/p>\n","protected":false},"author":16,"featured_media":0,"comment_status":"open","ping_status":"closed","sticky":false,"template":"","format":"standard","meta":[],"categories":[1],"tags":[],"_links":{"self":[{"href":"https:\/\/blogs.elcomercio.es\/reflexiones-de-belarmino\/wp-json\/wp\/v2\/posts\/33667"}],"collection":[{"href":"https:\/\/blogs.elcomercio.es\/reflexiones-de-belarmino\/wp-json\/wp\/v2\/posts"}],"about":[{"href":"https:\/\/blogs.elcomercio.es\/reflexiones-de-belarmino\/wp-json\/wp\/v2\/types\/post"}],"author":[{"embeddable":true,"href":"https:\/\/blogs.elcomercio.es\/reflexiones-de-belarmino\/wp-json\/wp\/v2\/users\/16"}],"replies":[{"embeddable":true,"href":"https:\/\/blogs.elcomercio.es\/reflexiones-de-belarmino\/wp-json\/wp\/v2\/comments?post=33667"}],"version-history":[{"count":2,"href":"https:\/\/blogs.elcomercio.es\/reflexiones-de-belarmino\/wp-json\/wp\/v2\/posts\/33667\/revisions"}],"predecessor-version":[{"id":33669,"href":"https:\/\/blogs.elcomercio.es\/reflexiones-de-belarmino\/wp-json\/wp\/v2\/posts\/33667\/revisions\/33669"}],"wp:attachment":[{"href":"https:\/\/blogs.elcomercio.es\/reflexiones-de-belarmino\/wp-json\/wp\/v2\/media?parent=33667"}],"wp:term":[{"taxonomy":"category","embeddable":true,"href":"https:\/\/blogs.elcomercio.es\/reflexiones-de-belarmino\/wp-json\/wp\/v2\/categories?post=33667"},{"taxonomy":"post_tag","embeddable":true,"href":"https:\/\/blogs.elcomercio.es\/reflexiones-de-belarmino\/wp-json\/wp\/v2\/tags?post=33667"}],"curies":[{"name":"wp","href":"https:\/\/api.w.org\/{rel}","templated":true}]}}