{"id":33670,"date":"2023-12-15T12:50:50","date_gmt":"2023-12-15T11:50:50","guid":{"rendered":"https:\/\/blogs.elcomercio.es\/reflexiones-de-belarmino\/?p=33670"},"modified":"2023-12-15T12:50:50","modified_gmt":"2023-12-15T11:50:50","slug":"orban-veta-los-50000-millones-de-euros-para-ucrania-largo-recorrido-tendran-por-delante","status":"publish","type":"post","link":"https:\/\/blogs.elcomercio.es\/reflexiones-de-belarmino\/2023\/12\/15\/orban-veta-los-50000-millones-de-euros-para-ucrania-largo-recorrido-tendran-por-delante\/","title":{"rendered":"\u00a1\u00a1\u00a1\u00a1ORBAN VETA LOS 50,000 MILLONES DE EUROS PARA UCRANIA. LARGO RECORRIDO TENDR\u00c1N POR DELANTE !!!"},"content":{"rendered":"<p><strong>Aunque se inform\u00f3 el acuerdo de ayer de los 27, para apoyar a Ucrania a entrar a la OTAN, a \u00faltima hora Victor Orb\u00e1n vet\u00f3 la ayuda de 50,000 millones\u00a0 euros para\u00a0 este pa\u00eds.Largo recorrido para Ucrania<\/strong><\/p>\n<!-- AddThis Advanced Settings generic via filter on the_content --><!-- AddThis Share Buttons generic via filter on the_content -->","protected":false},"excerpt":{"rendered":"<p>Aunque se inform\u00f3 el acuerdo de ayer de los 27, para apoyar a Ucrania a entrar a la OTAN, a \u00faltima hora Victor Orb\u00e1n vet\u00f3 la ayuda de 50,000 millones\u00a0 euros para\u00a0 este pa\u00eds.Largo recorrido para Ucrania<!-- AddThis Advanced Settings generic via filter on get_the_excerpt --><!-- AddThis Share Buttons generic via filter on get_the_excerpt --><\/p>\n","protected":false},"author":16,"featured_media":0,"comment_status":"open","ping_status":"closed","sticky":false,"template":"","format":"standard","meta":[],"categories":[1],"tags":[],"_links":{"self":[{"href":"https:\/\/blogs.elcomercio.es\/reflexiones-de-belarmino\/wp-json\/wp\/v2\/posts\/33670"}],"collection":[{"href":"https:\/\/blogs.elcomercio.es\/reflexiones-de-belarmino\/wp-json\/wp\/v2\/posts"}],"about":[{"href":"https:\/\/blogs.elcomercio.es\/reflexiones-de-belarmino\/wp-json\/wp\/v2\/types\/post"}],"author":[{"embeddable":true,"href":"https:\/\/blogs.elcomercio.es\/reflexiones-de-belarmino\/wp-json\/wp\/v2\/users\/16"}],"replies":[{"embeddable":true,"href":"https:\/\/blogs.elcomercio.es\/reflexiones-de-belarmino\/wp-json\/wp\/v2\/comments?post=33670"}],"version-history":[{"count":1,"href":"https:\/\/blogs.elcomercio.es\/reflexiones-de-belarmino\/wp-json\/wp\/v2\/posts\/33670\/revisions"}],"predecessor-version":[{"id":33671,"href":"https:\/\/blogs.elcomercio.es\/reflexiones-de-belarmino\/wp-json\/wp\/v2\/posts\/33670\/revisions\/33671"}],"wp:attachment":[{"href":"https:\/\/blogs.elcomercio.es\/reflexiones-de-belarmino\/wp-json\/wp\/v2\/media?parent=33670"}],"wp:term":[{"taxonomy":"category","embeddable":true,"href":"https:\/\/blogs.elcomercio.es\/reflexiones-de-belarmino\/wp-json\/wp\/v2\/categories?post=33670"},{"taxonomy":"post_tag","embeddable":true,"href":"https:\/\/blogs.elcomercio.es\/reflexiones-de-belarmino\/wp-json\/wp\/v2\/tags?post=33670"}],"curies":[{"name":"wp","href":"https:\/\/api.w.org\/{rel}","templated":true}]}}