{"id":33675,"date":"2023-12-15T13:13:11","date_gmt":"2023-12-15T12:13:11","guid":{"rendered":"https:\/\/blogs.elcomercio.es\/reflexiones-de-belarmino\/?p=33675"},"modified":"2023-12-15T13:13:11","modified_gmt":"2023-12-15T12:13:11","slug":"el-emerito-juan-guerra-filesa-la-gurtell-la-kitchen-la-punica-los-eres-ugt-que-nos-indican","status":"publish","type":"post","link":"https:\/\/blogs.elcomercio.es\/reflexiones-de-belarmino\/2023\/12\/15\/el-emerito-juan-guerra-filesa-la-gurtell-la-kitchen-la-punica-los-eres-ugt-que-nos-indican\/","title":{"rendered":"\u00a1\u00a1\u00a1\u00a1EL EMERITO, JUAN GUERRA, FILESA, LA GURTELL, LA KITCHEN, LA PUNICA, LOS ERES, UGT, \u00bf QUE NOS INDICAN ?!!!"},"content":{"rendered":"<p><b>Son s\u00f3lo algunos de los casos m\u00e1s medi\u00e1ticos\u00a0en nuestro pa\u00eds: La vida del Em\u00e9rito,\u00a0 la oficina de Juan Guerra, el Caso Filesa, la\u00a0 Gurtell, la Kitchen, los Eres, la P\u00fanica, UGT. . Lo que podr\u00edamos\u00a0hacer en Espa\u00f1a con cero corrupci\u00f3n. Pensemos.Es gratis&#8230;&#8230;.<\/b><\/p>\n<!-- AddThis Advanced Settings generic via filter on the_content --><!-- AddThis Share Buttons generic via filter on the_content -->","protected":false},"excerpt":{"rendered":"<p>Son s\u00f3lo algunos de los casos m\u00e1s medi\u00e1ticos\u00a0en nuestro pa\u00eds: La vida del Em\u00e9rito,\u00a0 la oficina de Juan Guerra, el Caso Filesa, la\u00a0 Gurtell, la Kitchen, los Eres, la P\u00fanica, UGT. . Lo que podr\u00edamos\u00a0hacer en Espa\u00f1a con cero corrupci\u00f3n. Pensemos.Es gratis&#8230;&#8230;.<!-- AddThis Advanced Settings generic via filter on get_the_excerpt --><!-- AddThis Share Buttons generic via filter on get_the_excerpt --><\/p>\n","protected":false},"author":16,"featured_media":0,"comment_status":"open","ping_status":"closed","sticky":false,"template":"","format":"standard","meta":[],"categories":[1],"tags":[],"_links":{"self":[{"href":"https:\/\/blogs.elcomercio.es\/reflexiones-de-belarmino\/wp-json\/wp\/v2\/posts\/33675"}],"collection":[{"href":"https:\/\/blogs.elcomercio.es\/reflexiones-de-belarmino\/wp-json\/wp\/v2\/posts"}],"about":[{"href":"https:\/\/blogs.elcomercio.es\/reflexiones-de-belarmino\/wp-json\/wp\/v2\/types\/post"}],"author":[{"embeddable":true,"href":"https:\/\/blogs.elcomercio.es\/reflexiones-de-belarmino\/wp-json\/wp\/v2\/users\/16"}],"replies":[{"embeddable":true,"href":"https:\/\/blogs.elcomercio.es\/reflexiones-de-belarmino\/wp-json\/wp\/v2\/comments?post=33675"}],"version-history":[{"count":2,"href":"https:\/\/blogs.elcomercio.es\/reflexiones-de-belarmino\/wp-json\/wp\/v2\/posts\/33675\/revisions"}],"predecessor-version":[{"id":33677,"href":"https:\/\/blogs.elcomercio.es\/reflexiones-de-belarmino\/wp-json\/wp\/v2\/posts\/33675\/revisions\/33677"}],"wp:attachment":[{"href":"https:\/\/blogs.elcomercio.es\/reflexiones-de-belarmino\/wp-json\/wp\/v2\/media?parent=33675"}],"wp:term":[{"taxonomy":"category","embeddable":true,"href":"https:\/\/blogs.elcomercio.es\/reflexiones-de-belarmino\/wp-json\/wp\/v2\/categories?post=33675"},{"taxonomy":"post_tag","embeddable":true,"href":"https:\/\/blogs.elcomercio.es\/reflexiones-de-belarmino\/wp-json\/wp\/v2\/tags?post=33675"}],"curies":[{"name":"wp","href":"https:\/\/api.w.org\/{rel}","templated":true}]}}