{"id":33711,"date":"2023-12-18T10:35:17","date_gmt":"2023-12-18T09:35:17","guid":{"rendered":"https:\/\/blogs.elcomercio.es\/reflexiones-de-belarmino\/?p=33711"},"modified":"2023-12-18T10:35:17","modified_gmt":"2023-12-18T09:35:17","slug":"media-argentina-en-emergencia-economica-hay-libertad-de-expresion-pero-cerrar-calles-es-un-delito","status":"publish","type":"post","link":"https:\/\/blogs.elcomercio.es\/reflexiones-de-belarmino\/2023\/12\/18\/media-argentina-en-emergencia-economica-hay-libertad-de-expresion-pero-cerrar-calles-es-un-delito\/","title":{"rendered":"\u00a1\u00a1\u00a1MEDIA ARGENTINA EN EMERGENCIA ECON\u00d3MICA: &#8220;HAY LIBERTAD DE EXPRESI\u00d3N, PERO CERRAR CALLES ES UN DELITO &#8220;!!!"},"content":{"rendered":"<p><b>En una semana, la cr\u00f3nica de un enfrentamiento anunciado, empieza a aparecer en el horizonte de la Republica Argentina. Millei declar\u00f3 que ser\u00e1n 10,000 las empresas publicas que se se cerrar\u00e1n, los sindicatos se preparan a una dura lucha y ayer se declar\u00f3 la Emergencia Econ\u00f3mica\u00a0en la mitad del pa\u00eds.Ante las posibles reacciones de los sindicatos, ayer el gobierno declar\u00f3: &#8221; Hay libertad de expresi\u00f3n, pero cerrar una calle es ilegal&#8221;.Empieza el proceso.<\/b><\/p>\n<!-- AddThis Advanced Settings generic via filter on the_content --><!-- AddThis Share Buttons generic via filter on the_content -->","protected":false},"excerpt":{"rendered":"<p>En una semana, la cr\u00f3nica de un enfrentamiento anunciado, empieza a aparecer en el horizonte de la Republica Argentina. Millei declar\u00f3 que ser\u00e1n 10,000 las empresas publicas que se se cerrar\u00e1n, los sindicatos se preparan a una dura lucha y ayer se declar\u00f3 la Emergencia Econ\u00f3mica\u00a0en la mitad del pa\u00eds.Ante las posibles reacciones de los [&hellip;]<!-- AddThis Advanced Settings generic via filter on get_the_excerpt --><!-- AddThis Share Buttons generic via filter on get_the_excerpt --><\/p>\n","protected":false},"author":16,"featured_media":0,"comment_status":"open","ping_status":"closed","sticky":false,"template":"","format":"standard","meta":[],"categories":[1],"tags":[],"_links":{"self":[{"href":"https:\/\/blogs.elcomercio.es\/reflexiones-de-belarmino\/wp-json\/wp\/v2\/posts\/33711"}],"collection":[{"href":"https:\/\/blogs.elcomercio.es\/reflexiones-de-belarmino\/wp-json\/wp\/v2\/posts"}],"about":[{"href":"https:\/\/blogs.elcomercio.es\/reflexiones-de-belarmino\/wp-json\/wp\/v2\/types\/post"}],"author":[{"embeddable":true,"href":"https:\/\/blogs.elcomercio.es\/reflexiones-de-belarmino\/wp-json\/wp\/v2\/users\/16"}],"replies":[{"embeddable":true,"href":"https:\/\/blogs.elcomercio.es\/reflexiones-de-belarmino\/wp-json\/wp\/v2\/comments?post=33711"}],"version-history":[{"count":3,"href":"https:\/\/blogs.elcomercio.es\/reflexiones-de-belarmino\/wp-json\/wp\/v2\/posts\/33711\/revisions"}],"predecessor-version":[{"id":33714,"href":"https:\/\/blogs.elcomercio.es\/reflexiones-de-belarmino\/wp-json\/wp\/v2\/posts\/33711\/revisions\/33714"}],"wp:attachment":[{"href":"https:\/\/blogs.elcomercio.es\/reflexiones-de-belarmino\/wp-json\/wp\/v2\/media?parent=33711"}],"wp:term":[{"taxonomy":"category","embeddable":true,"href":"https:\/\/blogs.elcomercio.es\/reflexiones-de-belarmino\/wp-json\/wp\/v2\/categories?post=33711"},{"taxonomy":"post_tag","embeddable":true,"href":"https:\/\/blogs.elcomercio.es\/reflexiones-de-belarmino\/wp-json\/wp\/v2\/tags?post=33711"}],"curies":[{"name":"wp","href":"https:\/\/api.w.org\/{rel}","templated":true}]}}