{"id":33722,"date":"2023-12-18T20:10:38","date_gmt":"2023-12-18T19:10:38","guid":{"rendered":"https:\/\/blogs.elcomercio.es\/reflexiones-de-belarmino\/?p=33722"},"modified":"2023-12-18T20:10:38","modified_gmt":"2023-12-18T19:10:38","slug":"ultima-hora-el-consejo-de-europa-citado-de-urgencia-para-saber-si-la-amnistia-cumple-o-no-con-los-estandares-democraticos","status":"publish","type":"post","link":"https:\/\/blogs.elcomercio.es\/reflexiones-de-belarmino\/2023\/12\/18\/ultima-hora-el-consejo-de-europa-citado-de-urgencia-para-saber-si-la-amnistia-cumple-o-no-con-los-estandares-democraticos\/","title":{"rendered":"\u00a1\u00a1\u00a1ULTIMA HORA.- EL CONSEJO DE EUROPA CITADO DE URGENCIA PARA SABER SI LA AMNIST\u00cdA CUMPLE O NO CON LOS ESTANDARES DEMOCR\u00c1TICOS !!!"},"content":{"rendered":"<p><b>Motivo, el que haya sido, pero adelanta el fin de una dura confrontaci\u00f3n del que Espa\u00f1a est\u00e1 pendiente. No confiando en ambas partes, o con falta de claridad para hacerlo, el Consejo de Europa ha sido citado de &#8220;urgencia&#8221; para analizar si la Amnist\u00eda\u00a0cumple o no con los est\u00e1ndares\u00a0democr\u00e1ticos. Muy importante reuni\u00f3n para la pr\u00f3xima legislatura y su duraci\u00f3n.<\/b><\/p>\n<!-- AddThis Advanced Settings generic via filter on the_content --><!-- AddThis Share Buttons generic via filter on the_content -->","protected":false},"excerpt":{"rendered":"<p>Motivo, el que haya sido, pero adelanta el fin de una dura confrontaci\u00f3n del que Espa\u00f1a est\u00e1 pendiente. No confiando en ambas partes, o con falta de claridad para hacerlo, el Consejo de Europa ha sido citado de &#8220;urgencia&#8221; para analizar si la Amnist\u00eda\u00a0cumple o no con los est\u00e1ndares\u00a0democr\u00e1ticos. Muy importante reuni\u00f3n para la pr\u00f3xima [&hellip;]<!-- AddThis Advanced Settings generic via filter on get_the_excerpt --><!-- AddThis Share Buttons generic via filter on get_the_excerpt --><\/p>\n","protected":false},"author":16,"featured_media":0,"comment_status":"open","ping_status":"closed","sticky":false,"template":"","format":"standard","meta":[],"categories":[1],"tags":[],"_links":{"self":[{"href":"https:\/\/blogs.elcomercio.es\/reflexiones-de-belarmino\/wp-json\/wp\/v2\/posts\/33722"}],"collection":[{"href":"https:\/\/blogs.elcomercio.es\/reflexiones-de-belarmino\/wp-json\/wp\/v2\/posts"}],"about":[{"href":"https:\/\/blogs.elcomercio.es\/reflexiones-de-belarmino\/wp-json\/wp\/v2\/types\/post"}],"author":[{"embeddable":true,"href":"https:\/\/blogs.elcomercio.es\/reflexiones-de-belarmino\/wp-json\/wp\/v2\/users\/16"}],"replies":[{"embeddable":true,"href":"https:\/\/blogs.elcomercio.es\/reflexiones-de-belarmino\/wp-json\/wp\/v2\/comments?post=33722"}],"version-history":[{"count":1,"href":"https:\/\/blogs.elcomercio.es\/reflexiones-de-belarmino\/wp-json\/wp\/v2\/posts\/33722\/revisions"}],"predecessor-version":[{"id":33723,"href":"https:\/\/blogs.elcomercio.es\/reflexiones-de-belarmino\/wp-json\/wp\/v2\/posts\/33722\/revisions\/33723"}],"wp:attachment":[{"href":"https:\/\/blogs.elcomercio.es\/reflexiones-de-belarmino\/wp-json\/wp\/v2\/media?parent=33722"}],"wp:term":[{"taxonomy":"category","embeddable":true,"href":"https:\/\/blogs.elcomercio.es\/reflexiones-de-belarmino\/wp-json\/wp\/v2\/categories?post=33722"},{"taxonomy":"post_tag","embeddable":true,"href":"https:\/\/blogs.elcomercio.es\/reflexiones-de-belarmino\/wp-json\/wp\/v2\/tags?post=33722"}],"curies":[{"name":"wp","href":"https:\/\/api.w.org\/{rel}","templated":true}]}}