{"id":33799,"date":"2023-12-22T10:38:22","date_gmt":"2023-12-22T09:38:22","guid":{"rendered":"https:\/\/blogs.elcomercio.es\/reflexiones-de-belarmino\/?p=33799"},"modified":"2023-12-22T10:38:22","modified_gmt":"2023-12-22T09:38:22","slug":"trump-sera-el-proximo-presidente-de-los-ee-uu-el-supremo-nombrado-por-el-lo-absolvera-de-todo-dificil-futuro-mundial","status":"publish","type":"post","link":"https:\/\/blogs.elcomercio.es\/reflexiones-de-belarmino\/2023\/12\/22\/trump-sera-el-proximo-presidente-de-los-ee-uu-el-supremo-nombrado-por-el-lo-absolvera-de-todo-dificil-futuro-mundial\/","title":{"rendered":"\u00a1\u00a1\u00a1\u00a1TRUMP SER\u00c1 EL PR\u00d3XIMO PRESIDENTE DE LOS EE.UU. EL SUPREMO, NOMBRADO POR \u00c9L, LO ABSOLVER\u00c1 DE TODO. DIF\u00cdCIL FUTURO MUNDIAL !!!"},"content":{"rendered":"<p><b>Debemos prepararnos, a un a\u00f1o de distancia, a que en 2025 el Presidente de la mayor potencia mundial ser\u00e1 Donald Trump. Todos los esfuerzos, todos los litigios, los juicios\u00a0contra el, en especial el \u00faltimo de Colorado que lo inhabilitar\u00eda, ser\u00e1n borrados por el m\u00e1ximo\u00a0\u00f3rgano\u00a0judicial del pa\u00eds: El Tribunal Supremo, que gracias a \u00e9l, tiene mayor\u00eda.<\/b><\/p>\n<!-- AddThis Advanced Settings generic via filter on the_content --><!-- AddThis Share Buttons generic via filter on the_content -->","protected":false},"excerpt":{"rendered":"<p>Debemos prepararnos, a un a\u00f1o de distancia, a que en 2025 el Presidente de la mayor potencia mundial ser\u00e1 Donald Trump. Todos los esfuerzos, todos los litigios, los juicios\u00a0contra el, en especial el \u00faltimo de Colorado que lo inhabilitar\u00eda, ser\u00e1n borrados por el m\u00e1ximo\u00a0\u00f3rgano\u00a0judicial del pa\u00eds: El Tribunal Supremo, que gracias a \u00e9l, tiene mayor\u00eda.<!-- AddThis Advanced Settings generic via filter on get_the_excerpt --><!-- AddThis Share Buttons generic via filter on get_the_excerpt --><\/p>\n","protected":false},"author":16,"featured_media":0,"comment_status":"open","ping_status":"closed","sticky":false,"template":"","format":"standard","meta":[],"categories":[1],"tags":[],"_links":{"self":[{"href":"https:\/\/blogs.elcomercio.es\/reflexiones-de-belarmino\/wp-json\/wp\/v2\/posts\/33799"}],"collection":[{"href":"https:\/\/blogs.elcomercio.es\/reflexiones-de-belarmino\/wp-json\/wp\/v2\/posts"}],"about":[{"href":"https:\/\/blogs.elcomercio.es\/reflexiones-de-belarmino\/wp-json\/wp\/v2\/types\/post"}],"author":[{"embeddable":true,"href":"https:\/\/blogs.elcomercio.es\/reflexiones-de-belarmino\/wp-json\/wp\/v2\/users\/16"}],"replies":[{"embeddable":true,"href":"https:\/\/blogs.elcomercio.es\/reflexiones-de-belarmino\/wp-json\/wp\/v2\/comments?post=33799"}],"version-history":[{"count":2,"href":"https:\/\/blogs.elcomercio.es\/reflexiones-de-belarmino\/wp-json\/wp\/v2\/posts\/33799\/revisions"}],"predecessor-version":[{"id":33801,"href":"https:\/\/blogs.elcomercio.es\/reflexiones-de-belarmino\/wp-json\/wp\/v2\/posts\/33799\/revisions\/33801"}],"wp:attachment":[{"href":"https:\/\/blogs.elcomercio.es\/reflexiones-de-belarmino\/wp-json\/wp\/v2\/media?parent=33799"}],"wp:term":[{"taxonomy":"category","embeddable":true,"href":"https:\/\/blogs.elcomercio.es\/reflexiones-de-belarmino\/wp-json\/wp\/v2\/categories?post=33799"},{"taxonomy":"post_tag","embeddable":true,"href":"https:\/\/blogs.elcomercio.es\/reflexiones-de-belarmino\/wp-json\/wp\/v2\/tags?post=33799"}],"curies":[{"name":"wp","href":"https:\/\/api.w.org\/{rel}","templated":true}]}}