{"id":33802,"date":"2023-12-22T11:27:53","date_gmt":"2023-12-22T10:27:53","guid":{"rendered":"https:\/\/blogs.elcomercio.es\/reflexiones-de-belarmino\/?p=33802"},"modified":"2023-12-22T11:27:53","modified_gmt":"2023-12-22T10:27:53","slug":"esta-hablando-con-la-prensa-me-decia-la-madre-aylin-prudente-es-que-acabamos-de-dar-el-quinto-premio","status":"publish","type":"post","link":"https:\/\/blogs.elcomercio.es\/reflexiones-de-belarmino\/2023\/12\/22\/esta-hablando-con-la-prensa-me-decia-la-madre-aylin-prudente-es-que-acabamos-de-dar-el-quinto-premio\/","title":{"rendered":"\u00a1\u00a1\u00a1\u00a1\u00a1&#8221;EST\u00c1 HABLANDO CON LA PRENSA&#8221;, ME DEC\u00cdA LA MADRE.- AYLIN, PRUDENTE: &#8221; ES QUE ACABAMOS DE DAR EL QUINTO PREMIO&#8221; !!!"},"content":{"rendered":"<p><b>En vivo, acabo de sentir la ilusi\u00f3n del d\u00eda que UNE A TODOS LOS ESPA\u00d1OLES EN LA. LA LOTER\u00cdA\u00a0DE NAVIDAD.Por supuesto, para mi y mi proyecto quinto y \u00faltimo en esta gira de 17 a\u00f1os por Asturias, no me lo resuelve, pero la cara de ilusi\u00f3n&#8230;&#8230;..Aylin, cubana casada con un buen amigo asturiano, con su madre al lado que acaba de tener la residencia y le ayuda con el nieto que es la ilusi\u00f3n\u00a0de Aylin y Paco, acaba de\u00a0 confirmar a la prensa de que el quinto premio lo hab\u00eda dado all\u00ed.\u00bf Cuantas caritas veo todos los d\u00edas entrar con la ilusi\u00f3n, mujeres, hombres, j\u00f3venes, jubilados. Hoy la ilusi\u00f3n, convertida en realidad, har\u00e1\u00a0feliz a varios habitantes\u00a0de la Calzada, en Gij\u00f3n.<\/b><\/p>\n<!-- AddThis Advanced Settings generic via filter on the_content --><!-- AddThis Share Buttons generic via filter on the_content -->","protected":false},"excerpt":{"rendered":"<p>En vivo, acabo de sentir la ilusi\u00f3n del d\u00eda que UNE A TODOS LOS ESPA\u00d1OLES EN LA. LA LOTER\u00cdA\u00a0DE NAVIDAD.Por supuesto, para mi y mi proyecto quinto y \u00faltimo en esta gira de 17 a\u00f1os por Asturias, no me lo resuelve, pero la cara de ilusi\u00f3n&#8230;&#8230;..Aylin, cubana casada con un buen amigo asturiano, con su [&hellip;]<!-- AddThis Advanced Settings generic via filter on get_the_excerpt --><!-- AddThis Share Buttons generic via filter on get_the_excerpt --><\/p>\n","protected":false},"author":16,"featured_media":0,"comment_status":"open","ping_status":"closed","sticky":false,"template":"","format":"standard","meta":[],"categories":[1],"tags":[],"_links":{"self":[{"href":"https:\/\/blogs.elcomercio.es\/reflexiones-de-belarmino\/wp-json\/wp\/v2\/posts\/33802"}],"collection":[{"href":"https:\/\/blogs.elcomercio.es\/reflexiones-de-belarmino\/wp-json\/wp\/v2\/posts"}],"about":[{"href":"https:\/\/blogs.elcomercio.es\/reflexiones-de-belarmino\/wp-json\/wp\/v2\/types\/post"}],"author":[{"embeddable":true,"href":"https:\/\/blogs.elcomercio.es\/reflexiones-de-belarmino\/wp-json\/wp\/v2\/users\/16"}],"replies":[{"embeddable":true,"href":"https:\/\/blogs.elcomercio.es\/reflexiones-de-belarmino\/wp-json\/wp\/v2\/comments?post=33802"}],"version-history":[{"count":1,"href":"https:\/\/blogs.elcomercio.es\/reflexiones-de-belarmino\/wp-json\/wp\/v2\/posts\/33802\/revisions"}],"predecessor-version":[{"id":33803,"href":"https:\/\/blogs.elcomercio.es\/reflexiones-de-belarmino\/wp-json\/wp\/v2\/posts\/33802\/revisions\/33803"}],"wp:attachment":[{"href":"https:\/\/blogs.elcomercio.es\/reflexiones-de-belarmino\/wp-json\/wp\/v2\/media?parent=33802"}],"wp:term":[{"taxonomy":"category","embeddable":true,"href":"https:\/\/blogs.elcomercio.es\/reflexiones-de-belarmino\/wp-json\/wp\/v2\/categories?post=33802"},{"taxonomy":"post_tag","embeddable":true,"href":"https:\/\/blogs.elcomercio.es\/reflexiones-de-belarmino\/wp-json\/wp\/v2\/tags?post=33802"}],"curies":[{"name":"wp","href":"https:\/\/api.w.org\/{rel}","templated":true}]}}