{"id":33805,"date":"2023-12-22T11:49:51","date_gmt":"2023-12-22T10:49:51","guid":{"rendered":"https:\/\/blogs.elcomercio.es\/reflexiones-de-belarmino\/?p=33805"},"modified":"2023-12-22T11:49:51","modified_gmt":"2023-12-22T10:49:51","slug":"envia-biden-a-mexico-delegacion-del-mas-alto-nivel-para-analizar-la-crisis-migratoria","status":"publish","type":"post","link":"https:\/\/blogs.elcomercio.es\/reflexiones-de-belarmino\/2023\/12\/22\/envia-biden-a-mexico-delegacion-del-mas-alto-nivel-para-analizar-la-crisis-migratoria\/","title":{"rendered":"\u00a1\u00a1\u00a1\u00a1ENVIA BIDEN A MEXICO DELEGACI\u00d3N DEL MAS ALTO NIVEL PARA ANALIZAR LA CRISIS MIGRATORIA !!!"},"content":{"rendered":"<p><b>Ante la grave ofensiva republicana contra los emigrantes, el presidente\u00a0est\u00e1 enviando a M\u00e9xico a una delegaci\u00f3n\u00a0de Alto Nivel, con el Secretario de Estado Antony Blinken, el Consejero de Seguridad\u00a0Nacional Alejandro Mayorgas y la asesora de la presidencia Liz Sherman Randall, que se reunir\u00e1 con L\u00f3pez Obrador.<\/b><\/p>\n<!-- AddThis Advanced Settings generic via filter on the_content --><!-- AddThis Share Buttons generic via filter on the_content -->","protected":false},"excerpt":{"rendered":"<p>Ante la grave ofensiva republicana contra los emigrantes, el presidente\u00a0est\u00e1 enviando a M\u00e9xico a una delegaci\u00f3n\u00a0de Alto Nivel, con el Secretario de Estado Antony Blinken, el Consejero de Seguridad\u00a0Nacional Alejandro Mayorgas y la asesora de la presidencia Liz Sherman Randall, que se reunir\u00e1 con L\u00f3pez Obrador.<!-- AddThis Advanced Settings generic via filter on get_the_excerpt --><!-- AddThis Share Buttons generic via filter on get_the_excerpt --><\/p>\n","protected":false},"author":16,"featured_media":0,"comment_status":"open","ping_status":"closed","sticky":false,"template":"","format":"standard","meta":[],"categories":[1],"tags":[],"_links":{"self":[{"href":"https:\/\/blogs.elcomercio.es\/reflexiones-de-belarmino\/wp-json\/wp\/v2\/posts\/33805"}],"collection":[{"href":"https:\/\/blogs.elcomercio.es\/reflexiones-de-belarmino\/wp-json\/wp\/v2\/posts"}],"about":[{"href":"https:\/\/blogs.elcomercio.es\/reflexiones-de-belarmino\/wp-json\/wp\/v2\/types\/post"}],"author":[{"embeddable":true,"href":"https:\/\/blogs.elcomercio.es\/reflexiones-de-belarmino\/wp-json\/wp\/v2\/users\/16"}],"replies":[{"embeddable":true,"href":"https:\/\/blogs.elcomercio.es\/reflexiones-de-belarmino\/wp-json\/wp\/v2\/comments?post=33805"}],"version-history":[{"count":1,"href":"https:\/\/blogs.elcomercio.es\/reflexiones-de-belarmino\/wp-json\/wp\/v2\/posts\/33805\/revisions"}],"predecessor-version":[{"id":33806,"href":"https:\/\/blogs.elcomercio.es\/reflexiones-de-belarmino\/wp-json\/wp\/v2\/posts\/33805\/revisions\/33806"}],"wp:attachment":[{"href":"https:\/\/blogs.elcomercio.es\/reflexiones-de-belarmino\/wp-json\/wp\/v2\/media?parent=33805"}],"wp:term":[{"taxonomy":"category","embeddable":true,"href":"https:\/\/blogs.elcomercio.es\/reflexiones-de-belarmino\/wp-json\/wp\/v2\/categories?post=33805"},{"taxonomy":"post_tag","embeddable":true,"href":"https:\/\/blogs.elcomercio.es\/reflexiones-de-belarmino\/wp-json\/wp\/v2\/tags?post=33805"}],"curies":[{"name":"wp","href":"https:\/\/api.w.org\/{rel}","templated":true}]}}