{"id":33807,"date":"2023-12-22T19:19:02","date_gmt":"2023-12-22T18:19:02","guid":{"rendered":"https:\/\/blogs.elcomercio.es\/reflexiones-de-belarmino\/?p=33807"},"modified":"2023-12-22T19:19:02","modified_gmt":"2023-12-22T18:19:02","slug":"hace-500-anos-carlos-v-se-lo-pidio-a-cortes-hoy-se-materializa-el-cruce-del-pacifico-al-golfo-en-6-horas-la-mitad-que-el-canal-de-panama-la-cuarta-transformacion-lo-logro","status":"publish","type":"post","link":"https:\/\/blogs.elcomercio.es\/reflexiones-de-belarmino\/2023\/12\/22\/hace-500-anos-carlos-v-se-lo-pidio-a-cortes-hoy-se-materializa-el-cruce-del-pacifico-al-golfo-en-6-horas-la-mitad-que-el-canal-de-panama-la-cuarta-transformacion-lo-logro\/","title":{"rendered":"\u00a1\u00a1\u00a1\u00a1HACE 500 A\u00d1OS CARLOS V SE LO PIDI\u00d3 A CORT\u00c9S.- HOY, SE MATERIALIZA EL CRUCE DEL PACIFICO AL GOLFO, EN 6 HORAS, LA MITAD QUE EL CANAL DE PANAM\u00c1. LA CUARTA TRANSFORMACI\u00d3N LO LOGR\u00d3 !!!!."},"content":{"rendered":"<p><b>M\u00e9xico, afortunado, tiene 103 puertos de mar que lo comunican con 145 paises del mundo.Hoy, el viejo sue\u00f1o de Carlos V, el de 500 a\u00f1os pasados, gracias a Humboldt, se hace realidad. SE ACABA\u00a0 DE INAUGURAR EL CORREDOR\u00a0 TRANSOCEANICO,\u00a0 que, a trav\u00e9s de ferrocarril, unir\u00e1 el puerto de Salina Cruz, en Oaxaca, con el de Coatzacoalcos, en Veracruz, que\u00a0 une por primera vez en la historia el Oc\u00e9ano\u00a0Pacifico con el Atl\u00e1ntico, en 6 horas 20 minutos,la mitad del Canal de Panam\u00e1, con capacidad para transportar 1,500,000 millones de contenedores\u00a0al a\u00f1o, abriendo\u00a0las puertas\u00a0hacia Asia, por una parte, a Europa y Estados Unidos y Africa, por la otra..<\/b><\/p>\n<p><b>500 a\u00f1os despu\u00e9s aquel viejo sue\u00f1o, lo MATERIALIZ\u00d3 LA CUARTA TRANSFORMACI\u00d3N, de M\u00e9xico, continuidad del 1810 de la Independencia, del 1857 de la Reforma, de 1910 de la Revoluci\u00f3n M\u00e9xicana, que surge en 2018 v\u00eda\u00a0democr\u00e1tica, sin violencia, para un cambio de ra\u00edz, de un pa\u00eds casi en Estado Fallido, constitucionalmente y plena libertad de expresi\u00f3n.<\/b><\/p>\n<p><strong>Hoy, al inaugurar el ferrocarril de pasajeros y de carga de 242 kms que une ambos\u00a0<\/strong><b>oc\u00e9anos, se inaugura el Corredor Transoceanico, que no s\u00f3lo permitir\u00e1\u00a0esa circulaci\u00f3n, sino que, aprendiendo de lo que le sucedi\u00f3\u00a0a Panam\u00e1 con los Estados\u00a0Unidos, de decenas de a\u00f1os de perdida de soberan\u00eda(EE:UU. hizo el Canal, a cambio de una concesi\u00f3n de 99 a\u00f1os, que logr\u00f3 Omar Torrijos, con Carter, recuperar), M\u00e9xico tiene el control y sus 10 polos de desarrollo en su proceso, son de soberan\u00eda nacional, y que ofrece a las grandes empresas de todo el mundo, desarrollarse, abriendo en el coraz\u00f3n\u00a0del pa\u00eds, un despegue econ\u00f3mico\u00a0sin precedentes. Hay empresas de 50 paises en la licitaci\u00f3n de esos polos de desarrollo, con gas, electricidad, agua, internet, facilidades fiscales que\u00a0<\/b><b>\u00a0permitan desarrollar sus inversiones. De Espa\u00f1a s\u00f3lo ha habido la presencia de Idetex.<\/b><\/p>\n<p><b>El d\u00eda de hoy se firm\u00f3 el convenido con Dinamarca, para la inversi\u00f3n en el Itsmo de Tehuantepec, por 10,000 millones de d\u00f3lares, para que toda la energ\u00eda\u00a0en el Itsmo sea OXIGENO VERDE., la que faltaba de nombrar entre las renovables, con el agua , el sol, y\u00a0 el viento<\/b><\/p>\n<p><strong>Al frente de la custodia del Corredor ha quedado la Secretaria de Marina.<\/strong><\/p>\n<p><b>La Guelaguetza, la gran m\u00fasica\u00a0y danza de Oaxaca, dio\u00a0color a este acto hist\u00f3rico.<\/b><\/p>\n<p><strong>Y, el pueblo asistente, gritaba \u00a1\u00a1\u00a1SI, SE PUDO !!!.<\/strong><\/p>\n<p><b>Con todas las promesas cumplidas, el pueblo mexicano,el mayoritario moreno, va a darle mas fuerza al Proyecto de Naci\u00f3n, que encabezara\u00a0Claudia Scheinbaum, que tendr\u00e1 6 a\u00f1os m\u00e1s para coninuar y mejorar el proceso.<\/b><\/p>\n<p>&nbsp;<\/p>\n<p>&nbsp;<\/p>\n<!-- AddThis Advanced Settings generic via filter on the_content --><!-- AddThis Share Buttons generic via filter on the_content -->","protected":false},"excerpt":{"rendered":"<p>M\u00e9xico, afortunado, tiene 103 puertos de mar que lo comunican con 145 paises del mundo.Hoy, el viejo sue\u00f1o de Carlos V, el de 500 a\u00f1os pasados, gracias a Humboldt, se hace realidad. SE ACABA\u00a0 DE INAUGURAR EL CORREDOR\u00a0 TRANSOCEANICO,\u00a0 que, a trav\u00e9s de ferrocarril, unir\u00e1 el puerto de Salina Cruz, en Oaxaca, con el de [&hellip;]<!-- AddThis Advanced Settings generic via filter on get_the_excerpt --><!-- AddThis Share Buttons generic via filter on get_the_excerpt --><\/p>\n","protected":false},"author":16,"featured_media":0,"comment_status":"open","ping_status":"closed","sticky":false,"template":"","format":"standard","meta":[],"categories":[1],"tags":[],"_links":{"self":[{"href":"https:\/\/blogs.elcomercio.es\/reflexiones-de-belarmino\/wp-json\/wp\/v2\/posts\/33807"}],"collection":[{"href":"https:\/\/blogs.elcomercio.es\/reflexiones-de-belarmino\/wp-json\/wp\/v2\/posts"}],"about":[{"href":"https:\/\/blogs.elcomercio.es\/reflexiones-de-belarmino\/wp-json\/wp\/v2\/types\/post"}],"author":[{"embeddable":true,"href":"https:\/\/blogs.elcomercio.es\/reflexiones-de-belarmino\/wp-json\/wp\/v2\/users\/16"}],"replies":[{"embeddable":true,"href":"https:\/\/blogs.elcomercio.es\/reflexiones-de-belarmino\/wp-json\/wp\/v2\/comments?post=33807"}],"version-history":[{"count":4,"href":"https:\/\/blogs.elcomercio.es\/reflexiones-de-belarmino\/wp-json\/wp\/v2\/posts\/33807\/revisions"}],"predecessor-version":[{"id":33811,"href":"https:\/\/blogs.elcomercio.es\/reflexiones-de-belarmino\/wp-json\/wp\/v2\/posts\/33807\/revisions\/33811"}],"wp:attachment":[{"href":"https:\/\/blogs.elcomercio.es\/reflexiones-de-belarmino\/wp-json\/wp\/v2\/media?parent=33807"}],"wp:term":[{"taxonomy":"category","embeddable":true,"href":"https:\/\/blogs.elcomercio.es\/reflexiones-de-belarmino\/wp-json\/wp\/v2\/categories?post=33807"},{"taxonomy":"post_tag","embeddable":true,"href":"https:\/\/blogs.elcomercio.es\/reflexiones-de-belarmino\/wp-json\/wp\/v2\/tags?post=33807"}],"curies":[{"name":"wp","href":"https:\/\/api.w.org\/{rel}","templated":true}]}}