{"id":33812,"date":"2023-12-23T10:19:41","date_gmt":"2023-12-23T09:19:41","guid":{"rendered":"https:\/\/blogs.elcomercio.es\/reflexiones-de-belarmino\/?p=33812"},"modified":"2023-12-23T10:19:41","modified_gmt":"2023-12-23T09:19:41","slug":"acuerdo-con-la-intervencion-de-europa-medio-centenar-de-aspirantes-para-poder-judicial","status":"publish","type":"post","link":"https:\/\/blogs.elcomercio.es\/reflexiones-de-belarmino\/2023\/12\/23\/acuerdo-con-la-intervencion-de-europa-medio-centenar-de-aspirantes-para-poder-judicial\/","title":{"rendered":"\u00a1\u00a1\u00a1 ACUERDO, CON LA INTERVENCI\u00d3N DE EUROPA.MEDIO CENTENAR DE ASPIRANTES PARA PODER JUDICIAL !!!"},"content":{"rendered":"<p><b>A rega\u00f1adientes, en el Congreso, en pleno d\u00eda del sorteo de Navidad, Pedro Sanchez y Alberto Nu\u00f1ez Feij\u00f3o, llegaran\u00a0a un acuerdo para desbloquear el Poder Judicial. Que Feij\u00f3o pido un intermediario europeo, pero el caso es que Espa\u00f1a avanz\u00f3, y debemos\u00a0felicitarnos todos. Medio centenar de aspirantes.5 a\u00f1os de ilegalidad\u00a0est\u00e1n\u00a0por terminar.<\/b><\/p>\n<!-- AddThis Advanced Settings generic via filter on the_content --><!-- AddThis Share Buttons generic via filter on the_content -->","protected":false},"excerpt":{"rendered":"<p>A rega\u00f1adientes, en el Congreso, en pleno d\u00eda del sorteo de Navidad, Pedro Sanchez y Alberto Nu\u00f1ez Feij\u00f3o, llegaran\u00a0a un acuerdo para desbloquear el Poder Judicial. Que Feij\u00f3o pido un intermediario europeo, pero el caso es que Espa\u00f1a avanz\u00f3, y debemos\u00a0felicitarnos todos. Medio centenar de aspirantes.5 a\u00f1os de ilegalidad\u00a0est\u00e1n\u00a0por terminar.<!-- AddThis Advanced Settings generic via filter on get_the_excerpt --><!-- AddThis Share Buttons generic via filter on get_the_excerpt --><\/p>\n","protected":false},"author":16,"featured_media":0,"comment_status":"open","ping_status":"closed","sticky":false,"template":"","format":"standard","meta":[],"categories":[1],"tags":[],"_links":{"self":[{"href":"https:\/\/blogs.elcomercio.es\/reflexiones-de-belarmino\/wp-json\/wp\/v2\/posts\/33812"}],"collection":[{"href":"https:\/\/blogs.elcomercio.es\/reflexiones-de-belarmino\/wp-json\/wp\/v2\/posts"}],"about":[{"href":"https:\/\/blogs.elcomercio.es\/reflexiones-de-belarmino\/wp-json\/wp\/v2\/types\/post"}],"author":[{"embeddable":true,"href":"https:\/\/blogs.elcomercio.es\/reflexiones-de-belarmino\/wp-json\/wp\/v2\/users\/16"}],"replies":[{"embeddable":true,"href":"https:\/\/blogs.elcomercio.es\/reflexiones-de-belarmino\/wp-json\/wp\/v2\/comments?post=33812"}],"version-history":[{"count":5,"href":"https:\/\/blogs.elcomercio.es\/reflexiones-de-belarmino\/wp-json\/wp\/v2\/posts\/33812\/revisions"}],"predecessor-version":[{"id":33817,"href":"https:\/\/blogs.elcomercio.es\/reflexiones-de-belarmino\/wp-json\/wp\/v2\/posts\/33812\/revisions\/33817"}],"wp:attachment":[{"href":"https:\/\/blogs.elcomercio.es\/reflexiones-de-belarmino\/wp-json\/wp\/v2\/media?parent=33812"}],"wp:term":[{"taxonomy":"category","embeddable":true,"href":"https:\/\/blogs.elcomercio.es\/reflexiones-de-belarmino\/wp-json\/wp\/v2\/categories?post=33812"},{"taxonomy":"post_tag","embeddable":true,"href":"https:\/\/blogs.elcomercio.es\/reflexiones-de-belarmino\/wp-json\/wp\/v2\/tags?post=33812"}],"curies":[{"name":"wp","href":"https:\/\/api.w.org\/{rel}","templated":true}]}}