{"id":33821,"date":"2023-12-23T18:13:27","date_gmt":"2023-12-23T17:13:27","guid":{"rendered":"https:\/\/blogs.elcomercio.es\/reflexiones-de-belarmino\/?p=33821"},"modified":"2023-12-23T18:13:27","modified_gmt":"2023-12-23T17:13:27","slug":"ortega-smithalias-el-maton-se-aferra-al-escano-su-actitud-refleja-la-debacle-de-vox","status":"publish","type":"post","link":"https:\/\/blogs.elcomercio.es\/reflexiones-de-belarmino\/2023\/12\/23\/ortega-smithalias-el-maton-se-aferra-al-escano-su-actitud-refleja-la-debacle-de-vox\/","title":{"rendered":"\u00a1\u00a1\u00a1\u00a1 ORTEGA SMITH(alias El Mat\u00f3n ), SE AFERRA AL ESCA\u00d1O. SU ACTITUD REFLEJA LA DEBACLE DE VOX !!!"},"content":{"rendered":"<p><b>No se hablar\u00eda as\u00ed un un representante del Congreso, pero es que lo de Ortega Smith, a veces con pistola en mano,hace un mes en Ferraz enfrentando a la polic\u00eda\u00a0para que &#8220;no se excediera&#8221;, y ayer la agresi\u00f3n al diputado de M\u00e1s Madrid, lanzandole\u00a0un vaso\u00a0en plena sesi\u00f3n, no tiene otro calificativo\u00a0\u00a0que el de &#8220;mat\u00f3n de pueblo&#8221;. \u00bf Quiera\u00a0\u00a0usted estar en el Congreso con ese individuo ?.. La expresi\u00f3n de este ciudadano es el reflejo de la frustraci\u00f3n del Bunker alrededor de Abascal, por el desplome de su organizaci\u00f3n .Pero, a pesar de todo, se aferra a su esca\u00f1o&#8230;&#8230;&#8230;<\/b><\/p>\n<!-- AddThis Advanced Settings generic via filter on the_content --><!-- AddThis Share Buttons generic via filter on the_content -->","protected":false},"excerpt":{"rendered":"<p>No se hablar\u00eda as\u00ed un un representante del Congreso, pero es que lo de Ortega Smith, a veces con pistola en mano,hace un mes en Ferraz enfrentando a la polic\u00eda\u00a0para que &#8220;no se excediera&#8221;, y ayer la agresi\u00f3n al diputado de M\u00e1s Madrid, lanzandole\u00a0un vaso\u00a0en plena sesi\u00f3n, no tiene otro calificativo\u00a0\u00a0que el de &#8220;mat\u00f3n de [&hellip;]<!-- AddThis Advanced Settings generic via filter on get_the_excerpt --><!-- AddThis Share Buttons generic via filter on get_the_excerpt --><\/p>\n","protected":false},"author":16,"featured_media":0,"comment_status":"open","ping_status":"closed","sticky":false,"template":"","format":"standard","meta":[],"categories":[1],"tags":[],"_links":{"self":[{"href":"https:\/\/blogs.elcomercio.es\/reflexiones-de-belarmino\/wp-json\/wp\/v2\/posts\/33821"}],"collection":[{"href":"https:\/\/blogs.elcomercio.es\/reflexiones-de-belarmino\/wp-json\/wp\/v2\/posts"}],"about":[{"href":"https:\/\/blogs.elcomercio.es\/reflexiones-de-belarmino\/wp-json\/wp\/v2\/types\/post"}],"author":[{"embeddable":true,"href":"https:\/\/blogs.elcomercio.es\/reflexiones-de-belarmino\/wp-json\/wp\/v2\/users\/16"}],"replies":[{"embeddable":true,"href":"https:\/\/blogs.elcomercio.es\/reflexiones-de-belarmino\/wp-json\/wp\/v2\/comments?post=33821"}],"version-history":[{"count":1,"href":"https:\/\/blogs.elcomercio.es\/reflexiones-de-belarmino\/wp-json\/wp\/v2\/posts\/33821\/revisions"}],"predecessor-version":[{"id":33822,"href":"https:\/\/blogs.elcomercio.es\/reflexiones-de-belarmino\/wp-json\/wp\/v2\/posts\/33821\/revisions\/33822"}],"wp:attachment":[{"href":"https:\/\/blogs.elcomercio.es\/reflexiones-de-belarmino\/wp-json\/wp\/v2\/media?parent=33821"}],"wp:term":[{"taxonomy":"category","embeddable":true,"href":"https:\/\/blogs.elcomercio.es\/reflexiones-de-belarmino\/wp-json\/wp\/v2\/categories?post=33821"},{"taxonomy":"post_tag","embeddable":true,"href":"https:\/\/blogs.elcomercio.es\/reflexiones-de-belarmino\/wp-json\/wp\/v2\/tags?post=33821"}],"curies":[{"name":"wp","href":"https:\/\/api.w.org\/{rel}","templated":true}]}}