{"id":33826,"date":"2023-12-23T18:48:24","date_gmt":"2023-12-23T17:48:24","guid":{"rendered":"https:\/\/blogs.elcomercio.es\/reflexiones-de-belarmino\/?p=33826"},"modified":"2023-12-23T18:48:24","modified_gmt":"2023-12-23T17:48:24","slug":"el-hidrogeno-verde-danes-que-cubrira-todo-el-itsmo-de-tehuantepec-una-gran-energia-para-el-futuro","status":"publish","type":"post","link":"https:\/\/blogs.elcomercio.es\/reflexiones-de-belarmino\/2023\/12\/23\/el-hidrogeno-verde-danes-que-cubrira-todo-el-itsmo-de-tehuantepec-una-gran-energia-para-el-futuro\/","title":{"rendered":"\u00a1\u00a1\u00a1\u00a1\u00a1EL HIDR\u00d3GENO VERDE, DAN\u00c9S, QUE CUBRIR\u00c1 TODO EL ITSMO DE TEHUANTEPEC, UNA GRAN ENERG\u00cdA PARA EL FUTURO !!!"},"content":{"rendered":"<p><b>\u00a0Ayer en Salina Cruz, Oaxaca, hubo una muy importante ceremonia.Se echaba andar el Ferrocarril Z, base para el Corredor Transoce\u00e1nico,\u00a0 que en 8 horas cruzo el pa\u00eds, pero ademas se firmaron muchos de los convenios de los 10 polos de desarrollo, cuya coordinaci\u00f3n la lleva Carlos Slim, pero la soberan\u00eda\u00a0est\u00e1 en manos de la Armada Mexicana. Llamaba la atenci\u00f3n\u00a0la presencia de daneses, hasta que lleg\u00f3 la firmo, y se confirm\u00f3 la noticia.<\/b><\/p>\n<p><b> Ayer firmaron \u00a0el acuerdo para invertir 10,000 millones de d\u00f3lares para que sea el Hidr\u00f3geno Verde, el que sea el motor de ese polo mundial.<\/b><\/p>\n<p><b>Tenemos claro. Las Energ\u00edas\u00a0NO RENOVABLES, que jugaron un papel importante(petroleo, gas y carb\u00f3n ) son ahora\u00a0nuestro enemigo. Junto a ellas, las RENOVABLES (agua, sol, viento y la invenci\u00f3n del hombre el HIDR\u00d3GENO\u00a0VERDE)., son el futuro.. El m\u00e9todo se lo debemos al sult\u00e1n Al Jaber, el haber logrado darle nombre no a los efectos sino a las causas.<\/b><\/p>\n<!-- AddThis Advanced Settings generic via filter on the_content --><!-- AddThis Share Buttons generic via filter on the_content -->","protected":false},"excerpt":{"rendered":"<p>\u00a0Ayer en Salina Cruz, Oaxaca, hubo una muy importante ceremonia.Se echaba andar el Ferrocarril Z, base para el Corredor Transoce\u00e1nico,\u00a0 que en 8 horas cruzo el pa\u00eds, pero ademas se firmaron muchos de los convenios de los 10 polos de desarrollo, cuya coordinaci\u00f3n la lleva Carlos Slim, pero la soberan\u00eda\u00a0est\u00e1 en manos de la Armada [&hellip;]<!-- AddThis Advanced Settings generic via filter on get_the_excerpt --><!-- AddThis Share Buttons generic via filter on get_the_excerpt --><\/p>\n","protected":false},"author":16,"featured_media":0,"comment_status":"open","ping_status":"closed","sticky":false,"template":"","format":"standard","meta":[],"categories":[1],"tags":[],"_links":{"self":[{"href":"https:\/\/blogs.elcomercio.es\/reflexiones-de-belarmino\/wp-json\/wp\/v2\/posts\/33826"}],"collection":[{"href":"https:\/\/blogs.elcomercio.es\/reflexiones-de-belarmino\/wp-json\/wp\/v2\/posts"}],"about":[{"href":"https:\/\/blogs.elcomercio.es\/reflexiones-de-belarmino\/wp-json\/wp\/v2\/types\/post"}],"author":[{"embeddable":true,"href":"https:\/\/blogs.elcomercio.es\/reflexiones-de-belarmino\/wp-json\/wp\/v2\/users\/16"}],"replies":[{"embeddable":true,"href":"https:\/\/blogs.elcomercio.es\/reflexiones-de-belarmino\/wp-json\/wp\/v2\/comments?post=33826"}],"version-history":[{"count":2,"href":"https:\/\/blogs.elcomercio.es\/reflexiones-de-belarmino\/wp-json\/wp\/v2\/posts\/33826\/revisions"}],"predecessor-version":[{"id":33828,"href":"https:\/\/blogs.elcomercio.es\/reflexiones-de-belarmino\/wp-json\/wp\/v2\/posts\/33826\/revisions\/33828"}],"wp:attachment":[{"href":"https:\/\/blogs.elcomercio.es\/reflexiones-de-belarmino\/wp-json\/wp\/v2\/media?parent=33826"}],"wp:term":[{"taxonomy":"category","embeddable":true,"href":"https:\/\/blogs.elcomercio.es\/reflexiones-de-belarmino\/wp-json\/wp\/v2\/categories?post=33826"},{"taxonomy":"post_tag","embeddable":true,"href":"https:\/\/blogs.elcomercio.es\/reflexiones-de-belarmino\/wp-json\/wp\/v2\/tags?post=33826"}],"curies":[{"name":"wp","href":"https:\/\/api.w.org\/{rel}","templated":true}]}}