{"id":33829,"date":"2023-12-24T11:54:50","date_gmt":"2023-12-24T10:54:50","guid":{"rendered":"https:\/\/blogs.elcomercio.es\/reflexiones-de-belarmino\/?p=33829"},"modified":"2023-12-24T11:54:50","modified_gmt":"2023-12-24T10:54:50","slug":"la-ruta-roterdam-shangai-se-encarece-un-16-en-una-semana-la-crisis-del-mar-rojo-creada-por-israel-preocupa-al-mundo","status":"publish","type":"post","link":"https:\/\/blogs.elcomercio.es\/reflexiones-de-belarmino\/2023\/12\/24\/la-ruta-roterdam-shangai-se-encarece-un-16-en-una-semana-la-crisis-del-mar-rojo-creada-por-israel-preocupa-al-mundo\/","title":{"rendered":"\u00a1\u00a1\u00a1LA RUTA R\u00d3TERDAM-SHANGAI, SE ENCARECE UN 16 % EN UNA SEMANA. LA CRISIS DEL  MAR ROJO, CREADA POR ISRAEL PREOCUPA AL MUNDO !!"},"content":{"rendered":"<p><b>La acci\u00f3n de Israel, desbordada, supera, con mucho, a Gaza, y a Cisjordania.En el cuerno de Africa, a cientos y cientos de kil\u00f3metros, un pais peque\u00f1o, pero activo(Yemen, el de Bin Laden), con un grupo organizado llamado los hut\u00edes, no s\u00f3lo son un riesgo para Israel, sino para el mundo entero. Due\u00f1os del un estrecho\u00a0de 28 kil\u00f3metros, el Mambed, tiene en sus manos el paso por el Mar Rojo y el Canal de Suez la v\u00eda\u00a0de comunicaci\u00f3n del Indico al Mediterr\u00e1neo. Ya hay varias\u00a0importantes navieras que han decidido bordear Africa, para evitarse el Mar Rojo.Una muestra sencilla, de lo que empieza: La ruta R\u00f3terdam- Shangai se ha encarecido en una semana el 16 %.<\/b><\/p>\n<!-- AddThis Advanced Settings generic via filter on the_content --><!-- AddThis Share Buttons generic via filter on the_content -->","protected":false},"excerpt":{"rendered":"<p>La acci\u00f3n de Israel, desbordada, supera, con mucho, a Gaza, y a Cisjordania.En el cuerno de Africa, a cientos y cientos de kil\u00f3metros, un pais peque\u00f1o, pero activo(Yemen, el de Bin Laden), con un grupo organizado llamado los hut\u00edes, no s\u00f3lo son un riesgo para Israel, sino para el mundo entero. Due\u00f1os del un estrecho\u00a0de [&hellip;]<!-- AddThis Advanced Settings generic via filter on get_the_excerpt --><!-- AddThis Share Buttons generic via filter on get_the_excerpt --><\/p>\n","protected":false},"author":16,"featured_media":0,"comment_status":"open","ping_status":"closed","sticky":false,"template":"","format":"standard","meta":[],"categories":[1],"tags":[],"_links":{"self":[{"href":"https:\/\/blogs.elcomercio.es\/reflexiones-de-belarmino\/wp-json\/wp\/v2\/posts\/33829"}],"collection":[{"href":"https:\/\/blogs.elcomercio.es\/reflexiones-de-belarmino\/wp-json\/wp\/v2\/posts"}],"about":[{"href":"https:\/\/blogs.elcomercio.es\/reflexiones-de-belarmino\/wp-json\/wp\/v2\/types\/post"}],"author":[{"embeddable":true,"href":"https:\/\/blogs.elcomercio.es\/reflexiones-de-belarmino\/wp-json\/wp\/v2\/users\/16"}],"replies":[{"embeddable":true,"href":"https:\/\/blogs.elcomercio.es\/reflexiones-de-belarmino\/wp-json\/wp\/v2\/comments?post=33829"}],"version-history":[{"count":2,"href":"https:\/\/blogs.elcomercio.es\/reflexiones-de-belarmino\/wp-json\/wp\/v2\/posts\/33829\/revisions"}],"predecessor-version":[{"id":33831,"href":"https:\/\/blogs.elcomercio.es\/reflexiones-de-belarmino\/wp-json\/wp\/v2\/posts\/33829\/revisions\/33831"}],"wp:attachment":[{"href":"https:\/\/blogs.elcomercio.es\/reflexiones-de-belarmino\/wp-json\/wp\/v2\/media?parent=33829"}],"wp:term":[{"taxonomy":"category","embeddable":true,"href":"https:\/\/blogs.elcomercio.es\/reflexiones-de-belarmino\/wp-json\/wp\/v2\/categories?post=33829"},{"taxonomy":"post_tag","embeddable":true,"href":"https:\/\/blogs.elcomercio.es\/reflexiones-de-belarmino\/wp-json\/wp\/v2\/tags?post=33829"}],"curies":[{"name":"wp","href":"https:\/\/api.w.org\/{rel}","templated":true}]}}