{"id":33834,"date":"2023-12-24T12:54:49","date_gmt":"2023-12-24T11:54:49","guid":{"rendered":"https:\/\/blogs.elcomercio.es\/reflexiones-de-belarmino\/?p=33834"},"modified":"2023-12-24T12:54:49","modified_gmt":"2023-12-24T11:54:49","slug":"el-papa-ya-no-habla-del-retiro-a-sus-87-anos-es-el-papa-de-mayor-edad-tras-leon-xiii-y-sus-93-anos","status":"publish","type":"post","link":"https:\/\/blogs.elcomercio.es\/reflexiones-de-belarmino\/2023\/12\/24\/el-papa-ya-no-habla-del-retiro-a-sus-87-anos-es-el-papa-de-mayor-edad-tras-leon-xiii-y-sus-93-anos\/","title":{"rendered":"\u00a1\u00a1\u00a1\u00a1EL PAPA YA NO HABLA DEL RETIRO. A SUS 87 A\u00d1OS ES EL PAPA DE MAYOR EDAD TRAS LEON XIII Y SUS 93 A\u00d1OS !!!"},"content":{"rendered":"<p><b>En una entrevista con Valentina Alazraqui, Francisco I, cambi\u00f3 los comentarios de que &#8221; cuando los m\u00e9dicos\u00a0se lo digan&#8221; el estar\u00eda\u00a0en Roma&#8221;. Pero ahora, una\u00a0 vez simplificados los tr\u00e1mites y el viejo oropel de las entierros de los Papas, todos en el Vaticano, decidido que reposar\u00e1 en San Marta fuera de \u00e9l. Conviene recordar que con sus 87 a\u00f1os es el Papa que m\u00e1s ha ha vivido, tras los 93 de Le\u00f3n XIII, y con las tareas cumplidas.<\/b><\/p>\n<!-- AddThis Advanced Settings generic via filter on the_content --><!-- AddThis Share Buttons generic via filter on the_content -->","protected":false},"excerpt":{"rendered":"<p>En una entrevista con Valentina Alazraqui, Francisco I, cambi\u00f3 los comentarios de que &#8221; cuando los m\u00e9dicos\u00a0se lo digan&#8221; el estar\u00eda\u00a0en Roma&#8221;. Pero ahora, una\u00a0 vez simplificados los tr\u00e1mites y el viejo oropel de las entierros de los Papas, todos en el Vaticano, decidido que reposar\u00e1 en San Marta fuera de \u00e9l. Conviene recordar que [&hellip;]<!-- AddThis Advanced Settings generic via filter on get_the_excerpt --><!-- AddThis Share Buttons generic via filter on get_the_excerpt --><\/p>\n","protected":false},"author":16,"featured_media":0,"comment_status":"open","ping_status":"closed","sticky":false,"template":"","format":"standard","meta":[],"categories":[1],"tags":[],"_links":{"self":[{"href":"https:\/\/blogs.elcomercio.es\/reflexiones-de-belarmino\/wp-json\/wp\/v2\/posts\/33834"}],"collection":[{"href":"https:\/\/blogs.elcomercio.es\/reflexiones-de-belarmino\/wp-json\/wp\/v2\/posts"}],"about":[{"href":"https:\/\/blogs.elcomercio.es\/reflexiones-de-belarmino\/wp-json\/wp\/v2\/types\/post"}],"author":[{"embeddable":true,"href":"https:\/\/blogs.elcomercio.es\/reflexiones-de-belarmino\/wp-json\/wp\/v2\/users\/16"}],"replies":[{"embeddable":true,"href":"https:\/\/blogs.elcomercio.es\/reflexiones-de-belarmino\/wp-json\/wp\/v2\/comments?post=33834"}],"version-history":[{"count":1,"href":"https:\/\/blogs.elcomercio.es\/reflexiones-de-belarmino\/wp-json\/wp\/v2\/posts\/33834\/revisions"}],"predecessor-version":[{"id":33835,"href":"https:\/\/blogs.elcomercio.es\/reflexiones-de-belarmino\/wp-json\/wp\/v2\/posts\/33834\/revisions\/33835"}],"wp:attachment":[{"href":"https:\/\/blogs.elcomercio.es\/reflexiones-de-belarmino\/wp-json\/wp\/v2\/media?parent=33834"}],"wp:term":[{"taxonomy":"category","embeddable":true,"href":"https:\/\/blogs.elcomercio.es\/reflexiones-de-belarmino\/wp-json\/wp\/v2\/categories?post=33834"},{"taxonomy":"post_tag","embeddable":true,"href":"https:\/\/blogs.elcomercio.es\/reflexiones-de-belarmino\/wp-json\/wp\/v2\/tags?post=33834"}],"curies":[{"name":"wp","href":"https:\/\/api.w.org\/{rel}","templated":true}]}}