{"id":33837,"date":"2023-12-24T17:36:57","date_gmt":"2023-12-24T16:36:57","guid":{"rendered":"https:\/\/blogs.elcomercio.es\/reflexiones-de-belarmino\/?p=33837"},"modified":"2023-12-24T17:36:57","modified_gmt":"2023-12-24T16:36:57","slug":"20000-muertos-en-gaza-tensiones-mundiales-problemas-comerciales-inflacion-israelhasta-cuando","status":"publish","type":"post","link":"https:\/\/blogs.elcomercio.es\/reflexiones-de-belarmino\/2023\/12\/24\/20000-muertos-en-gaza-tensiones-mundiales-problemas-comerciales-inflacion-israelhasta-cuando\/","title":{"rendered":"\u00a1\u00a1\u00a120,000 MUERTOS EN GAZA, TENSIONES MUNDIALES, PROBLEMAS COMERCIALES, INFLACI\u00d3N. ISRAEL,\u00bfHASTA CUANDO ? !!!"},"content":{"rendered":"<p><b>El\u00a0 mundo entiende a estas alturas, por que tras 2,000 a\u00f1os de Diaspora\u00a0en\u00a0 todo el mundo, lleg\u00f3 a haber un odio anti jud\u00edo\u00a0que dio pie a las barbaries del Holocausto.Los que no vivimos otras \u00e9pocas, hemos visto, tan s\u00f3lo en nuestra generaci\u00f3n,\u00a0 como ustedes irrumpieron con el mito sionista, irrumpieron a territorio palestino, y dado que en sus f\u00e9rreas\u00a0y maniqueistas\u00a0ideas, (el Mes\u00edas\u00a0s\u00f3lo podr\u00eda llegar a la explanada de las Mezquitas, y entrar por la actual puerta cerrada , para que se construya el Tercer Templo de Salom\u00f3n), obligaron al mundo, no s\u00f3lo al Reino Unido en 1947, sino durante 75 a\u00f1os, a ir guerra, tras guerras, ilegalmente,sin cumplir con la resoluci\u00f3n 242 de las Naciones Unidas y hoy con los 20,000 muertos en 2 meses en Gaza, en contra de todo el mundo y SOLO POR LA FUERZA.<\/b><\/p>\n<p><strong>Pero es que en esa locura, est\u00e1n llevando al mundo a un nuevo problema de las cadenas de suministro, que elevaran los precios, encarecer\u00e1n, los combustibles,los alimentos, que pueden llevarnos a una nueva recesi\u00f3n.<\/strong><\/p>\n<p>\u00bf\u00a0<b>Cuantos millones seremos afectados por el uso de la fuerza de Israel y de los Estados Unidos?. Bien dec\u00eda desde Estados Unidos, ayer el analista jud\u00edo: &#8220;Israel ganar\u00e1 las batallas, pero, perder\u00e1 la guerra &#8220;<\/b><\/p>\n<p><strong>El colch\u00f3n a su favor por el Holocausto, lo est\u00e1n perdiendo, y eso que mucha gente no sabe lo que se viene en 2024.<\/strong><\/p>\n<p><b>Hoy los servicios de inteligencia brit\u00e1nicos, dieron a conocer los nombres de los 4\u00a0 responsables pol\u00edticos\u00a0y militares, y del lider de ambos, y ninguno ha\u00a0<\/b><b>ca\u00eddo.<\/b><\/p>\n<p><strong>\u00bf Hasta cuando Israel ?. Igual que no olvidamos a Hitler, no olvidaremos a Netanyahu.<\/strong><\/p>\n<!-- AddThis Advanced Settings generic via filter on the_content --><!-- AddThis Share Buttons generic via filter on the_content -->","protected":false},"excerpt":{"rendered":"<p>El\u00a0 mundo entiende a estas alturas, por que tras 2,000 a\u00f1os de Diaspora\u00a0en\u00a0 todo el mundo, lleg\u00f3 a haber un odio anti jud\u00edo\u00a0que dio pie a las barbaries del Holocausto.Los que no vivimos otras \u00e9pocas, hemos visto, tan s\u00f3lo en nuestra generaci\u00f3n,\u00a0 como ustedes irrumpieron con el mito sionista, irrumpieron a territorio palestino, y dado [&hellip;]<!-- AddThis Advanced Settings generic via filter on get_the_excerpt --><!-- AddThis Share Buttons generic via filter on get_the_excerpt --><\/p>\n","protected":false},"author":16,"featured_media":0,"comment_status":"open","ping_status":"closed","sticky":false,"template":"","format":"standard","meta":[],"categories":[1],"tags":[],"_links":{"self":[{"href":"https:\/\/blogs.elcomercio.es\/reflexiones-de-belarmino\/wp-json\/wp\/v2\/posts\/33837"}],"collection":[{"href":"https:\/\/blogs.elcomercio.es\/reflexiones-de-belarmino\/wp-json\/wp\/v2\/posts"}],"about":[{"href":"https:\/\/blogs.elcomercio.es\/reflexiones-de-belarmino\/wp-json\/wp\/v2\/types\/post"}],"author":[{"embeddable":true,"href":"https:\/\/blogs.elcomercio.es\/reflexiones-de-belarmino\/wp-json\/wp\/v2\/users\/16"}],"replies":[{"embeddable":true,"href":"https:\/\/blogs.elcomercio.es\/reflexiones-de-belarmino\/wp-json\/wp\/v2\/comments?post=33837"}],"version-history":[{"count":2,"href":"https:\/\/blogs.elcomercio.es\/reflexiones-de-belarmino\/wp-json\/wp\/v2\/posts\/33837\/revisions"}],"predecessor-version":[{"id":33839,"href":"https:\/\/blogs.elcomercio.es\/reflexiones-de-belarmino\/wp-json\/wp\/v2\/posts\/33837\/revisions\/33839"}],"wp:attachment":[{"href":"https:\/\/blogs.elcomercio.es\/reflexiones-de-belarmino\/wp-json\/wp\/v2\/media?parent=33837"}],"wp:term":[{"taxonomy":"category","embeddable":true,"href":"https:\/\/blogs.elcomercio.es\/reflexiones-de-belarmino\/wp-json\/wp\/v2\/categories?post=33837"},{"taxonomy":"post_tag","embeddable":true,"href":"https:\/\/blogs.elcomercio.es\/reflexiones-de-belarmino\/wp-json\/wp\/v2\/tags?post=33837"}],"curies":[{"name":"wp","href":"https:\/\/api.w.org\/{rel}","templated":true}]}}