{"id":33840,"date":"2023-12-24T20:21:01","date_gmt":"2023-12-24T19:21:01","guid":{"rendered":"https:\/\/blogs.elcomercio.es\/reflexiones-de-belarmino\/?p=33840"},"modified":"2023-12-24T20:21:01","modified_gmt":"2023-12-24T19:21:01","slug":"contundente-el-gobierno-en-la-constitucion-no-cabe-el-referendum-mas-lo-confirma","status":"publish","type":"post","link":"https:\/\/blogs.elcomercio.es\/reflexiones-de-belarmino\/2023\/12\/24\/contundente-el-gobierno-en-la-constitucion-no-cabe-el-referendum-mas-lo-confirma\/","title":{"rendered":"\u00a1\u00a1\u00a1\u00a1\u00a1CONTUNDENTE EL GOBIERNO: &#8220;EN LA CONSTITUCI\u00d3N NO CABE EL REFER\u00c9NDUM&#8221;.- MAS LO CONFIRMA !!!!"},"content":{"rendered":"<p><strong>De frente, sabedor de lo que hace y hasta donde llega, ante las amenazas de Junts y Ezquerra, sobre lo primordial del\u00a0<\/strong><b>Refer\u00e9ndum, el gobierno de Coalici\u00f3n entre el PSOE y SUMAR, dejaron claro: &#8220;EN LA CONSTITUCI\u00d3N\u00a0NO CABE EL REFER\u00c9NDUM, NO LO CONTEMPLA&#8221;. Horas m\u00e1s tarde , Artur Mass, manifest\u00f3 su misma opini\u00f3n. \u00bf Se abri\u00f3 el espacio para las palabras de Felipe VI ?<\/b><\/p>\n<!-- AddThis Advanced Settings generic via filter on the_content --><!-- AddThis Share Buttons generic via filter on the_content -->","protected":false},"excerpt":{"rendered":"<p>De frente, sabedor de lo que hace y hasta donde llega, ante las amenazas de Junts y Ezquerra, sobre lo primordial del\u00a0Refer\u00e9ndum, el gobierno de Coalici\u00f3n entre el PSOE y SUMAR, dejaron claro: &#8220;EN LA CONSTITUCI\u00d3N\u00a0NO CABE EL REFER\u00c9NDUM, NO LO CONTEMPLA&#8221;. Horas m\u00e1s tarde , Artur Mass, manifest\u00f3 su misma opini\u00f3n. \u00bf Se abri\u00f3 [&hellip;]<!-- AddThis Advanced Settings generic via filter on get_the_excerpt --><!-- AddThis Share Buttons generic via filter on get_the_excerpt --><\/p>\n","protected":false},"author":16,"featured_media":0,"comment_status":"open","ping_status":"closed","sticky":false,"template":"","format":"standard","meta":[],"categories":[1],"tags":[],"_links":{"self":[{"href":"https:\/\/blogs.elcomercio.es\/reflexiones-de-belarmino\/wp-json\/wp\/v2\/posts\/33840"}],"collection":[{"href":"https:\/\/blogs.elcomercio.es\/reflexiones-de-belarmino\/wp-json\/wp\/v2\/posts"}],"about":[{"href":"https:\/\/blogs.elcomercio.es\/reflexiones-de-belarmino\/wp-json\/wp\/v2\/types\/post"}],"author":[{"embeddable":true,"href":"https:\/\/blogs.elcomercio.es\/reflexiones-de-belarmino\/wp-json\/wp\/v2\/users\/16"}],"replies":[{"embeddable":true,"href":"https:\/\/blogs.elcomercio.es\/reflexiones-de-belarmino\/wp-json\/wp\/v2\/comments?post=33840"}],"version-history":[{"count":1,"href":"https:\/\/blogs.elcomercio.es\/reflexiones-de-belarmino\/wp-json\/wp\/v2\/posts\/33840\/revisions"}],"predecessor-version":[{"id":33841,"href":"https:\/\/blogs.elcomercio.es\/reflexiones-de-belarmino\/wp-json\/wp\/v2\/posts\/33840\/revisions\/33841"}],"wp:attachment":[{"href":"https:\/\/blogs.elcomercio.es\/reflexiones-de-belarmino\/wp-json\/wp\/v2\/media?parent=33840"}],"wp:term":[{"taxonomy":"category","embeddable":true,"href":"https:\/\/blogs.elcomercio.es\/reflexiones-de-belarmino\/wp-json\/wp\/v2\/categories?post=33840"},{"taxonomy":"post_tag","embeddable":true,"href":"https:\/\/blogs.elcomercio.es\/reflexiones-de-belarmino\/wp-json\/wp\/v2\/tags?post=33840"}],"curies":[{"name":"wp","href":"https:\/\/api.w.org\/{rel}","templated":true}]}}