{"id":33842,"date":"2023-12-25T16:40:55","date_gmt":"2023-12-25T15:40:55","guid":{"rendered":"https:\/\/blogs.elcomercio.es\/reflexiones-de-belarmino\/?p=33842"},"modified":"2023-12-25T16:40:55","modified_gmt":"2023-12-25T15:40:55","slug":"hay-que-evitar-que-el-germen-de-la-discordia-vuelva-a-instalarse-entre-los-espanolesfelipe-vi","status":"publish","type":"post","link":"https:\/\/blogs.elcomercio.es\/reflexiones-de-belarmino\/2023\/12\/25\/hay-que-evitar-que-el-germen-de-la-discordia-vuelva-a-instalarse-entre-los-espanolesfelipe-vi\/","title":{"rendered":"&#8221; HAY QUE EVITAR QUE EL GERMEN DE LA DISCORDIA VUELVA A INSTALARSE ENTRE LOS ESPA\u00d1OLES&#8221;:FELIPE VI !!!"},"content":{"rendered":"<p><strong>Fino y puntual, alabado por unos y vilipendiado por otros, ayer Felipe VI, en nuestra opini\u00f3n, puso el ojo en el m\u00e1s importante reto que tiene Espa\u00f1a en estos momentos: &#8221; HAY QUE EVITAR QUE EL GERMEN DE LA DISCORDIA VUELVA A INSTALARSE ENTRE NOSOTROS &#8220;<\/strong><\/p>\n<!-- AddThis Advanced Settings generic via filter on the_content --><!-- AddThis Share Buttons generic via filter on the_content -->","protected":false},"excerpt":{"rendered":"<p>Fino y puntual, alabado por unos y vilipendiado por otros, ayer Felipe VI, en nuestra opini\u00f3n, puso el ojo en el m\u00e1s importante reto que tiene Espa\u00f1a en estos momentos: &#8221; HAY QUE EVITAR QUE EL GERMEN DE LA DISCORDIA VUELVA A INSTALARSE ENTRE NOSOTROS &#8220;<!-- AddThis Advanced Settings generic via filter on get_the_excerpt --><!-- AddThis Share Buttons generic via filter on get_the_excerpt --><\/p>\n","protected":false},"author":16,"featured_media":0,"comment_status":"open","ping_status":"closed","sticky":false,"template":"","format":"standard","meta":[],"categories":[1],"tags":[],"_links":{"self":[{"href":"https:\/\/blogs.elcomercio.es\/reflexiones-de-belarmino\/wp-json\/wp\/v2\/posts\/33842"}],"collection":[{"href":"https:\/\/blogs.elcomercio.es\/reflexiones-de-belarmino\/wp-json\/wp\/v2\/posts"}],"about":[{"href":"https:\/\/blogs.elcomercio.es\/reflexiones-de-belarmino\/wp-json\/wp\/v2\/types\/post"}],"author":[{"embeddable":true,"href":"https:\/\/blogs.elcomercio.es\/reflexiones-de-belarmino\/wp-json\/wp\/v2\/users\/16"}],"replies":[{"embeddable":true,"href":"https:\/\/blogs.elcomercio.es\/reflexiones-de-belarmino\/wp-json\/wp\/v2\/comments?post=33842"}],"version-history":[{"count":1,"href":"https:\/\/blogs.elcomercio.es\/reflexiones-de-belarmino\/wp-json\/wp\/v2\/posts\/33842\/revisions"}],"predecessor-version":[{"id":33843,"href":"https:\/\/blogs.elcomercio.es\/reflexiones-de-belarmino\/wp-json\/wp\/v2\/posts\/33842\/revisions\/33843"}],"wp:attachment":[{"href":"https:\/\/blogs.elcomercio.es\/reflexiones-de-belarmino\/wp-json\/wp\/v2\/media?parent=33842"}],"wp:term":[{"taxonomy":"category","embeddable":true,"href":"https:\/\/blogs.elcomercio.es\/reflexiones-de-belarmino\/wp-json\/wp\/v2\/categories?post=33842"},{"taxonomy":"post_tag","embeddable":true,"href":"https:\/\/blogs.elcomercio.es\/reflexiones-de-belarmino\/wp-json\/wp\/v2\/tags?post=33842"}],"curies":[{"name":"wp","href":"https:\/\/api.w.org\/{rel}","templated":true}]}}