{"id":33844,"date":"2023-12-25T16:55:42","date_gmt":"2023-12-25T15:55:42","guid":{"rendered":"https:\/\/blogs.elcomercio.es\/reflexiones-de-belarmino\/?p=33844"},"modified":"2023-12-25T16:55:42","modified_gmt":"2023-12-25T15:55:42","slug":"zelensky-por-decreto-cambia-la-fecha-del-nacimiento-de-jesucristo-retoma-al-cristianismo-europeo","status":"publish","type":"post","link":"https:\/\/blogs.elcomercio.es\/reflexiones-de-belarmino\/2023\/12\/25\/zelensky-por-decreto-cambia-la-fecha-del-nacimiento-de-jesucristo-retoma-al-cristianismo-europeo\/","title":{"rendered":"\u00a1\u00a1\u00a1\u00a1\u00a1ZELENSKY, POR DECRETO, CAMBIA LA FECHA DEL NACIMIENTO DE JESUCRISTO.-RETOMA AL CRISTIANISMO EUROPEO !!!"},"content":{"rendered":"<p><b>No es cosa menor. Para los cat\u00f3licos apost\u00f3licos\u00a0y romanos la fecha la fecha del nacimiento de Jesucristo es el 25 de diciembre. Por primera vez, para ser europeos, Zelensky, por Decreto, no festej\u00f3 dicho d\u00eda como los Ortodoxos, sino lo adelant\u00f3. Don Vlodimir, ni con esas&#8230;&#8230;&#8230;.<\/b><\/p>\n<!-- AddThis Advanced Settings generic via filter on the_content --><!-- AddThis Share Buttons generic via filter on the_content -->","protected":false},"excerpt":{"rendered":"<p>No es cosa menor. Para los cat\u00f3licos apost\u00f3licos\u00a0y romanos la fecha la fecha del nacimiento de Jesucristo es el 25 de diciembre. Por primera vez, para ser europeos, Zelensky, por Decreto, no festej\u00f3 dicho d\u00eda como los Ortodoxos, sino lo adelant\u00f3. Don Vlodimir, ni con esas&#8230;&#8230;&#8230;.<!-- AddThis Advanced Settings generic via filter on get_the_excerpt --><!-- AddThis Share Buttons generic via filter on get_the_excerpt --><\/p>\n","protected":false},"author":16,"featured_media":0,"comment_status":"open","ping_status":"closed","sticky":false,"template":"","format":"standard","meta":[],"categories":[1],"tags":[],"_links":{"self":[{"href":"https:\/\/blogs.elcomercio.es\/reflexiones-de-belarmino\/wp-json\/wp\/v2\/posts\/33844"}],"collection":[{"href":"https:\/\/blogs.elcomercio.es\/reflexiones-de-belarmino\/wp-json\/wp\/v2\/posts"}],"about":[{"href":"https:\/\/blogs.elcomercio.es\/reflexiones-de-belarmino\/wp-json\/wp\/v2\/types\/post"}],"author":[{"embeddable":true,"href":"https:\/\/blogs.elcomercio.es\/reflexiones-de-belarmino\/wp-json\/wp\/v2\/users\/16"}],"replies":[{"embeddable":true,"href":"https:\/\/blogs.elcomercio.es\/reflexiones-de-belarmino\/wp-json\/wp\/v2\/comments?post=33844"}],"version-history":[{"count":1,"href":"https:\/\/blogs.elcomercio.es\/reflexiones-de-belarmino\/wp-json\/wp\/v2\/posts\/33844\/revisions"}],"predecessor-version":[{"id":33845,"href":"https:\/\/blogs.elcomercio.es\/reflexiones-de-belarmino\/wp-json\/wp\/v2\/posts\/33844\/revisions\/33845"}],"wp:attachment":[{"href":"https:\/\/blogs.elcomercio.es\/reflexiones-de-belarmino\/wp-json\/wp\/v2\/media?parent=33844"}],"wp:term":[{"taxonomy":"category","embeddable":true,"href":"https:\/\/blogs.elcomercio.es\/reflexiones-de-belarmino\/wp-json\/wp\/v2\/categories?post=33844"},{"taxonomy":"post_tag","embeddable":true,"href":"https:\/\/blogs.elcomercio.es\/reflexiones-de-belarmino\/wp-json\/wp\/v2\/tags?post=33844"}],"curies":[{"name":"wp","href":"https:\/\/api.w.org\/{rel}","templated":true}]}}