{"id":33846,"date":"2023-12-25T17:06:23","date_gmt":"2023-12-25T16:06:23","guid":{"rendered":"https:\/\/blogs.elcomercio.es\/reflexiones-de-belarmino\/?p=33846"},"modified":"2023-12-25T17:06:23","modified_gmt":"2023-12-25T16:06:23","slug":"el-golpe-de-estado-es-lo-que-buscan-dicen-partidarios-de-milei-ante-el-impresionante-enero-que-se-les-presenta","status":"publish","type":"post","link":"https:\/\/blogs.elcomercio.es\/reflexiones-de-belarmino\/2023\/12\/25\/el-golpe-de-estado-es-lo-que-buscan-dicen-partidarios-de-milei-ante-el-impresionante-enero-que-se-les-presenta\/","title":{"rendered":"\u00a1\u00a1\u00a1\u00a1&#8221;EL GOLPE DE ESTADO ES LO QUE BUSCAN&#8221;, DICEN PARTIDARIOS DE MILEI, ANTE EL IMPRESIONANTE ENERO QUE SE LES PRESENTA !!!"},"content":{"rendered":"<p><b>Todo esta preparado en Argentina. En enero habr\u00e1\u00a0grandes manifestaciones en el pa\u00eds, y el estado ya esta preparado para resistirlos. Comentando esto con un argentino que vot\u00f3 por Milei, antes el desastre del peronismo, como un mal menor, me ha dicho, que &#8220;eso es lo que buscan sus adversarios?????&#8221;.<\/b><\/p>\n<p><b>MIentras exiliados aqu\u00ed en Gij\u00f3n, se quejaban de que hab\u00edan recibido la mitad de su pensi\u00f3n, mientras en Argentina, con millones sin recursos, van a asaltar las calles, cada quien caiga.<\/b><\/p>\n<p><strong>Caso \u00fanico, de verdadero estudio. \u00bf Como pasar de ser la octava potencia mundial en el mundo, en 100 a\u00f1os, haber llegado a donde est\u00e1n ?.<\/strong><\/p>\n<p><strong>LO lamentamos mucho por los argentinos, pero recuerdo, que cada pueblo enfrenta su futuro, como puede o quiere, o es capaz o no.<\/strong><\/p>\n<p>&nbsp;<\/p>\n<!-- AddThis Advanced Settings generic via filter on the_content --><!-- AddThis Share Buttons generic via filter on the_content -->","protected":false},"excerpt":{"rendered":"<p>Todo esta preparado en Argentina. En enero habr\u00e1\u00a0grandes manifestaciones en el pa\u00eds, y el estado ya esta preparado para resistirlos. Comentando esto con un argentino que vot\u00f3 por Milei, antes el desastre del peronismo, como un mal menor, me ha dicho, que &#8220;eso es lo que buscan sus adversarios?????&#8221;. MIentras exiliados aqu\u00ed en Gij\u00f3n, se [&hellip;]<!-- AddThis Advanced Settings generic via filter on get_the_excerpt --><!-- AddThis Share Buttons generic via filter on get_the_excerpt --><\/p>\n","protected":false},"author":16,"featured_media":0,"comment_status":"open","ping_status":"closed","sticky":false,"template":"","format":"standard","meta":[],"categories":[1],"tags":[],"_links":{"self":[{"href":"https:\/\/blogs.elcomercio.es\/reflexiones-de-belarmino\/wp-json\/wp\/v2\/posts\/33846"}],"collection":[{"href":"https:\/\/blogs.elcomercio.es\/reflexiones-de-belarmino\/wp-json\/wp\/v2\/posts"}],"about":[{"href":"https:\/\/blogs.elcomercio.es\/reflexiones-de-belarmino\/wp-json\/wp\/v2\/types\/post"}],"author":[{"embeddable":true,"href":"https:\/\/blogs.elcomercio.es\/reflexiones-de-belarmino\/wp-json\/wp\/v2\/users\/16"}],"replies":[{"embeddable":true,"href":"https:\/\/blogs.elcomercio.es\/reflexiones-de-belarmino\/wp-json\/wp\/v2\/comments?post=33846"}],"version-history":[{"count":1,"href":"https:\/\/blogs.elcomercio.es\/reflexiones-de-belarmino\/wp-json\/wp\/v2\/posts\/33846\/revisions"}],"predecessor-version":[{"id":33847,"href":"https:\/\/blogs.elcomercio.es\/reflexiones-de-belarmino\/wp-json\/wp\/v2\/posts\/33846\/revisions\/33847"}],"wp:attachment":[{"href":"https:\/\/blogs.elcomercio.es\/reflexiones-de-belarmino\/wp-json\/wp\/v2\/media?parent=33846"}],"wp:term":[{"taxonomy":"category","embeddable":true,"href":"https:\/\/blogs.elcomercio.es\/reflexiones-de-belarmino\/wp-json\/wp\/v2\/categories?post=33846"},{"taxonomy":"post_tag","embeddable":true,"href":"https:\/\/blogs.elcomercio.es\/reflexiones-de-belarmino\/wp-json\/wp\/v2\/tags?post=33846"}],"curies":[{"name":"wp","href":"https:\/\/api.w.org\/{rel}","templated":true}]}}